{"id":7914,"date":"2020-12-30T13:09:04","date_gmt":"2020-12-30T13:09:04","guid":{"rendered":"https:\/\/www.agroeducacion.com\/web\/?p=7914"},"modified":"2021-01-29T15:41:46","modified_gmt":"2021-01-29T15:41:46","slug":"clase-abierta-como-comenzara-el-2021-la-economia-argentina","status":"publish","type":"post","link":"https:\/\/www.agroeducacion.com\/website\/clase-abierta-como-comenzara-el-2021-la-economia-argentina\/","title":{"rendered":"Clase Abierta: C\u00f3mo comenzar\u00e1 el 2021 la Econom\u00eda Argentina"},"content":{"rendered":"<p><iframe loading=\"lazy\" src=\"https:\/\/player.vimeo.com\/video\/495472066\" width=\"640\" height=\"360\" frameborder=\"0\" allow=\"autoplay; fullscreen\" allowfullscreen><\/iframe><\/p>\n","protected":false},"excerpt":{"rendered":"","protected":false},"author":5,"featured_media":7915,"comment_status":"open","ping_status":"open","sticky":false,"template":"","format":"standard","meta":{"footnotes":""},"categories":[79],"tags":[],"class_list":["post-7914","post","type-post","status-publish","format-standard","has-post-thumbnail","hentry","category-clases-abiertas"],"amp_enabled":true,"_links":{"self":[{"href":"https:\/\/www.agroeducacion.com\/website\/wp-json\/wp\/v2\/posts\/7914","targetHints":{"allow":["GET"]}}],"collection":[{"href":"https:\/\/www.agroeducacion.com\/website\/wp-json\/wp\/v2\/posts"}],"about":[{"href":"https:\/\/www.agroeducacion.com\/website\/wp-json\/wp\/v2\/types\/post"}],"author":[{"embeddable":true,"href":"https:\/\/www.agroeducacion.com\/website\/wp-json\/wp\/v2\/users\/5"}],"replies":[{"embeddable":true,"href":"https:\/\/www.agroeducacion.com\/website\/wp-json\/wp\/v2\/comments?post=7914"}],"version-history":[{"count":1,"href":"https:\/\/www.agroeducacion.com\/website\/wp-json\/wp\/v2\/posts\/7914\/revisions"}],"predecessor-version":[{"id":8882,"href":"https:\/\/www.agroeducacion.com\/website\/wp-json\/wp\/v2\/posts\/7914\/revisions\/8882"}],"wp:featuredmedia":[{"embeddable":true,"href":"https:\/\/www.agroeducacion.com\/website\/wp-json\/wp\/v2\/media\/7915"}],"wp:attachment":[{"href":"https:\/\/www.agroeducacion.com\/website\/wp-json\/wp\/v2\/media?parent=7914"}],"wp:term":[{"taxonomy":"category","embeddable":true,"href":"https:\/\/www.agroeducacion.com\/website\/wp-json\/wp\/v2\/categories?post=7914"},{"taxonomy":"post_tag","embeddable":true,"href":"https:\/\/www.agroeducacion.com\/website\/wp-json\/wp\/v2\/tags?post=7914"}],"curies":[{"name":"wp","href":"https:\/\/api.w.org\/{rel}","templated":true}]}}