{"id":7280,"date":"2020-10-28T14:19:00","date_gmt":"2020-10-28T14:19:00","guid":{"rendered":"https:\/\/www.agroeducacion.com\/web\/?p=7280"},"modified":"2021-02-04T15:50:41","modified_gmt":"2021-02-04T15:50:41","slug":"ultimo-dia-de-inscripcion-no-te-lo-pierdas","status":"publish","type":"post","link":"https:\/\/www.agroeducacion.com\/website\/ultimo-dia-de-inscripcion-no-te-lo-pierdas\/","title":{"rendered":"\u00a1\u00daltimo d\u00eda de inscripci\u00f3n! \u00a1No te lo pierdas!"},"content":{"rendered":"<header>\n<h6>Por Equipo Agroeducaci\u00f3n<\/h6>\n<\/header>\n<div class=\"titulo\">\n<hr \/>\n<\/div>\n<div class=\"texto\">\n<p><strong>Ma\u00f1ana es el d\u00eda que tanto esperamos durante el a\u00f1o, ma\u00f1ana Jueves se realizar\u00e1 la 10 Edici\u00f3n de Jornadas Mercados Granarios.<\/strong><a name=\"video\"><\/a><\/p>\n<div style=\"padding: 56.25% 0 0 0; position: relative;\"><iframe style=\"position: absolute; top: 0; left: 0; width: 100%; height: 100%;\" src=\"https:\/\/player.vimeo.com\/video\/473032662?loop=1&amp;color=43EF00&amp;title=0&amp;byline=0&amp;portrait=0\" frameborder=\"0\" allowfullscreen=\"allowfullscreen\"><\/iframe><\/div>\n<h3>Hay diversas formas de participar de la jornada:<\/h3>\n<ul>\n<li><strong>Online: <\/strong>Transmisi\u00f3n en vivo a via <strong>Zoom Webinar<\/strong> para 3.000 participantes <strong>Streaming<\/strong> v\u00eda Youtube, Vimeo y Facebook Live. Comunicaci\u00f3n en directo con los participantes: Interacci\u00f3n v\u00eda chat con panelistas<\/li>\n<li><strong>Offline:<\/strong> Transmisi\u00f3n por <strong>Canal Rural<\/strong>, se\u00f1al de cable v\u00eda sat\u00e9lite de Am\u00e9rica Latina dedicada al sector agropecuario. Transmisi\u00f3n por <strong>Asociaci\u00f3n Santafesina de televisi\u00f3n por cable<\/strong>, integrada por 12 emisoras llegando a 60 localidades de santa fe. Transmisi\u00f3n por <strong>Canal PRO<\/strong>, Canal de producci\u00f3n agropecuaria en Paraguay que transmite por televisi\u00f3n abierta.<\/li>\n<li><strong>On Demand:<\/strong> A trav\u00e9s de nuestro <strong>sitio web<\/strong>, nuestro canal de <strong>Youtube<\/strong>, nuestro canal de <strong>Vimeo<\/strong> y todas nuestras redes sociales donde quedar\u00e1n disponibles todas las ponencias de los panelistas.<\/li>\n<\/ul>\n<p>Los cupos de la jornada son limitados, haciendo <a href=\"http:\/\/agroeducacion.com\/mercadosgranarios\/#inscripcion\" target=\"_blank\" rel=\"noopener noreferrer\"><strong>click aqu\u00ed<\/strong><\/a> podes ingresar al formulario de inscripci\u00f3n con la cual vas a participar tambi\u00e9n del sorteo de <strong>UNA BECA DEL 50% EN EL POSGRADO EN AGRONEGOCIOS<\/strong> \u00a1Te esperamos!<\/p>\n<\/div>\n","protected":false},"excerpt":{"rendered":"<p>Por Equipo Agroeducaci\u00f3n Ma\u00f1ana es el d\u00eda que tanto esperamos durante el a\u00f1o, ma\u00f1ana Jueves se realizar\u00e1 la 10 Edici\u00f3n de Jornadas Mercados Granarios. Hay diversas formas de participar de la jornada: Online: Transmisi\u00f3n en vivo a via Zoom Webinar para 3.000 participantes Streaming v\u00eda Youtube, Vimeo y Facebook Live. Comunicaci\u00f3n en directo con los &hellip;<\/p>\n","protected":false},"author":5,"featured_media":10012,"comment_status":"open","ping_status":"open","sticky":false,"template":"","format":"standard","meta":{"footnotes":""},"categories":[59],"tags":[],"class_list":["post-7280","post","type-post","status-publish","format-standard","has-post-thumbnail","hentry","category-eventos"],"amp_enabled":true,"_links":{"self":[{"href":"https:\/\/www.agroeducacion.com\/website\/wp-json\/wp\/v2\/posts\/7280","targetHints":{"allow":["GET"]}}],"collection":[{"href":"https:\/\/www.agroeducacion.com\/website\/wp-json\/wp\/v2\/posts"}],"about":[{"href":"https:\/\/www.agroeducacion.com\/website\/wp-json\/wp\/v2\/types\/post"}],"author":[{"embeddable":true,"href":"https:\/\/www.agroeducacion.com\/website\/wp-json\/wp\/v2\/users\/5"}],"replies":[{"embeddable":true,"href":"https:\/\/www.agroeducacion.com\/website\/wp-json\/wp\/v2\/comments?post=7280"}],"version-history":[{"count":1,"href":"https:\/\/www.agroeducacion.com\/website\/wp-json\/wp\/v2\/posts\/7280\/revisions"}],"predecessor-version":[{"id":8943,"href":"https:\/\/www.agroeducacion.com\/website\/wp-json\/wp\/v2\/posts\/7280\/revisions\/8943"}],"wp:featuredmedia":[{"embeddable":true,"href":"https:\/\/www.agroeducacion.com\/website\/wp-json\/wp\/v2\/media\/10012"}],"wp:attachment":[{"href":"https:\/\/www.agroeducacion.com\/website\/wp-json\/wp\/v2\/media?parent=7280"}],"wp:term":[{"taxonomy":"category","embeddable":true,"href":"https:\/\/www.agroeducacion.com\/website\/wp-json\/wp\/v2\/categories?post=7280"},{"taxonomy":"post_tag","embeddable":true,"href":"https:\/\/www.agroeducacion.com\/website\/wp-json\/wp\/v2\/tags?post=7280"}],"curies":[{"name":"wp","href":"https:\/\/api.w.org\/{rel}","templated":true}]}}