{"id":7192,"date":"2020-10-20T11:57:39","date_gmt":"2020-10-20T11:57:39","guid":{"rendered":"https:\/\/www.agroeducacion.com\/web\/?p=7192"},"modified":"2021-02-04T16:00:32","modified_gmt":"2021-02-04T16:00:32","slug":"10-edicion-jornadas-mercados-granarios-2020","status":"publish","type":"post","link":"https:\/\/www.agroeducacion.com\/website\/10-edicion-jornadas-mercados-granarios-2020\/","title":{"rendered":"10\u00b0 Edici\u00f3n: Jornadas Mercados Granarios 2020"},"content":{"rendered":"<header>\n<h6>Por Equipo Agroeducaci\u00f3n<\/h6>\n<\/header>\n<div class=\"titulo\">\n<hr \/>\n<\/div>\n<div class=\"texto\">\n<p><strong>El 29 de Octubre a las 9:00 hs. se realizar\u00e1 la d\u00e9cima edici\u00f3n de Jornadas Mercados Granarios, el evento que re\u00fane a destacados profesionales nacionales e internacionales con el fin de generar una visi\u00f3n clara y coyuntural del mercado a mediano plazo. El evento est\u00e1 organizado por Agroeducaci\u00f3n junto a RJO\u2019Brien, CME Group y Canal Rural.<\/strong><\/p>\n<p>A consecuencia de la pandemia que azota al mundo entero, la d\u00e9cima edici\u00f3n de Jornadas Mercados Granarios se realizar\u00e1 de manera <strong>online y completamente gratuita<\/strong>, generando as\u00ed la posibilidad de que todos tengan acceso a la informaci\u00f3n que all\u00ed se brindar\u00e1 para afrontar este momento tan dif\u00edcil para todos.<\/p>\n<p>Esta jornada intenta alcanzar a los productores con el fin de pensar y repensar la manera de gestionar el negocio agropecuario en el contexto actual, realizando un an\u00e1lisis profundo y exhaustivo de sus principales aspectos.<\/p>\n<p>Se har\u00e1 hincapi\u00e9 en reducir el riesgo en la volatilidad de los precios y la b\u00fasqueda de financiamiento para los negocios, ya que gran parte de estos se realiza \u201ctranqueras afuera\u201d.<a name=\"video\"><\/a><\/p>\n<div style=\"padding: 56.25% 0 0 0; position: relative;\"><iframe style=\"position: absolute; top: 0; left: 0; width: 100%; height: 100%;\" src=\"https:\/\/player.vimeo.com\/video\/470155826?autoplay=1&amp;color=43EF00&amp;title=0&amp;byline=0&amp;portrait=0\" frameborder=\"0\" allowfullscreen=\"allowfullscreen\"><\/iframe><\/div>\n<p>El objetivo de este evento es brindar las herramientas y conocimientos necesarios para llevar a cabo las transformaciones que nos exigen los tiempos que corren. El temario de esta edici\u00f3n fue pensado espec\u00edficamente para atacar aquellos puntos que creemos vitales para llevar adelante la gesti\u00f3n de la producci\u00f3n agropecuaria, algunos de los temas que se tocar\u00e1n son:<\/p>\n<ul>\n<li>El desaf\u00edo del sector \u201cGanar con la gesti\u00f3n\u201d<\/li>\n<li>Cambios de paradigmas en el mundo<\/li>\n<li>Riesgo precio para la demanda de productos agr\u00edcolas<\/li>\n<li>Perspectivas de mercados: el rol de Latinoam\u00e9rica<\/li>\n<li>Nuevo mapa de la importaci\u00f3n y exportaci\u00f3n de granos Post-COVID19<\/li>\n<li>La comercializaci\u00f3n y el financiamiento como aceleradores de rentabilidad<\/li>\n<\/ul>\n<p>Notables profesionales integrar\u00e1n el panel de disertantes que compondr\u00e1 la jornada, algunos de ellos son: Celina Mesquida (RJO\u2019Brien), Salvador Di Stefano (Agroeducaci\u00f3n), Antonio Ochoa (RJO\u2019Brien), Carlos Etchepare (Canal Rural), Diego Palomeque (Agroeducaci\u00f3n), Lu\u00eds Bameule (Agritur San Luis S.A.), Leandro Pierbattisti (Agricultural Professional Organizations), Pedro Dejneka (MD Commodities), Blu Putman (CME Group).<\/p>\n<p>Hay diversas formas de participar de la jornada:<\/p>\n<ul>\n<li><strong>Online: <\/strong>Transmisi\u00f3n en vivo a via <strong>Zoom Webinar<\/strong> para 1.000 participantes <strong>Streaming<\/strong> v\u00eda Youtube, Vimeo y Facebook Live. Comunicaci\u00f3n en directo con los participantes: Interacci\u00f3n v\u00eda chat con panelistas<\/li>\n<li><strong>Offline:<\/strong> Transmisi\u00f3n por <strong>Canal Rural<\/strong>, se\u00f1al de cable v\u00eda sat\u00e9lite de Am\u00e9rica Latina dedicada al sector agropecuario. Transmisi\u00f3n por <strong>Asociaci\u00f3n Santafesina de televisi\u00f3n por cable<\/strong>, integrada por 12 emisoras llegando a 60 localidades de santa fe. Transmisi\u00f3n por <strong>Canal PRO<\/strong>, Canal de producci\u00f3n agropecuaria en Paraguay que transmite por televisi\u00f3n abierta.<\/li>\n<li><strong>On Demand:<\/strong> A trav\u00e9s de nuestro <strong>sitio web<\/strong>, nuestro canal de <strong>Youtube<\/strong>, nuestro canal de <strong>Vimeo<\/strong> y todas nuestras redes sociales donde quedar\u00e1n disponibles todas las ponencias de los panelistas.<\/li>\n<\/ul>\n<p>Los cupos de la jornada son limitados, haciendo <a href=\"http:\/\/agroeducacion.com\/mercadosgranarios\/#inscripcion\" target=\"_blank\" rel=\"noopener noreferrer\"><strong>click aqu\u00ed<\/strong><\/a> podes ingresar al formulario de inscripci\u00f3n con la cual vas a participar tambi\u00e9n del sorteo de <strong>UNA BECA DEL 50% EN EL POSGRADO EN AGRONEGOCIOS<\/strong> \u00a1Te esperamos!<\/p>\n<\/div>\n","protected":false},"excerpt":{"rendered":"<p>Por Equipo Agroeducaci\u00f3n El 29 de Octubre a las 9:00 hs. se realizar\u00e1 la d\u00e9cima edici\u00f3n de Jornadas Mercados Granarios, el evento que re\u00fane a destacados profesionales nacionales e internacionales con el fin de generar una visi\u00f3n clara y coyuntural del mercado a mediano plazo. El evento est\u00e1 organizado por Agroeducaci\u00f3n junto a RJO\u2019Brien, CME &hellip;<\/p>\n","protected":false},"author":5,"featured_media":10030,"comment_status":"open","ping_status":"open","sticky":false,"template":"","format":"standard","meta":{"footnotes":""},"categories":[59],"tags":[],"class_list":["post-7192","post","type-post","status-publish","format-standard","has-post-thumbnail","hentry","category-eventos"],"amp_enabled":true,"_links":{"self":[{"href":"https:\/\/www.agroeducacion.com\/website\/wp-json\/wp\/v2\/posts\/7192","targetHints":{"allow":["GET"]}}],"collection":[{"href":"https:\/\/www.agroeducacion.com\/website\/wp-json\/wp\/v2\/posts"}],"about":[{"href":"https:\/\/www.agroeducacion.com\/website\/wp-json\/wp\/v2\/types\/post"}],"author":[{"embeddable":true,"href":"https:\/\/www.agroeducacion.com\/website\/wp-json\/wp\/v2\/users\/5"}],"replies":[{"embeddable":true,"href":"https:\/\/www.agroeducacion.com\/website\/wp-json\/wp\/v2\/comments?post=7192"}],"version-history":[{"count":2,"href":"https:\/\/www.agroeducacion.com\/website\/wp-json\/wp\/v2\/posts\/7192\/revisions"}],"predecessor-version":[{"id":10031,"href":"https:\/\/www.agroeducacion.com\/website\/wp-json\/wp\/v2\/posts\/7192\/revisions\/10031"}],"wp:featuredmedia":[{"embeddable":true,"href":"https:\/\/www.agroeducacion.com\/website\/wp-json\/wp\/v2\/media\/10030"}],"wp:attachment":[{"href":"https:\/\/www.agroeducacion.com\/website\/wp-json\/wp\/v2\/media?parent=7192"}],"wp:term":[{"taxonomy":"category","embeddable":true,"href":"https:\/\/www.agroeducacion.com\/website\/wp-json\/wp\/v2\/categories?post=7192"},{"taxonomy":"post_tag","embeddable":true,"href":"https:\/\/www.agroeducacion.com\/website\/wp-json\/wp\/v2\/tags?post=7192"}],"curies":[{"name":"wp","href":"https:\/\/api.w.org\/{rel}","templated":true}]}}