{"id":5482,"date":"2020-04-21T15:52:33","date_gmt":"2020-04-21T15:52:33","guid":{"rendered":"https:\/\/www.agroeducacion.com\/web\/?p=5482"},"modified":"2021-11-01T15:38:34","modified_gmt":"2021-11-01T18:38:34","slug":"nuevas-medidas-impositivas-y-laborales-frente-a-la-pandemia","status":"publish","type":"post","link":"https:\/\/www.agroeducacion.com\/website\/nuevas-medidas-impositivas-y-laborales-frente-a-la-pandemia\/","title":{"rendered":"Nuevas medidas impositivas y laborales frente a la pandemia"},"content":{"rendered":"<div class=\"articulo\">\n<div><img loading=\"lazy\" decoding=\"async\" class=\"size-full wp-image-5489 alignnone\" src=\"https:\/\/www.agroeducacion.com\/web\/wp-content\/uploads\/2020\/04\/banner-1.png\" alt=\"\" width=\"844\" height=\"216\"><\/div>\n<div><\/div>\n<div><\/div>\n<div class=\"about\">\n<div class=\"about\">\n<p><strong>Metodolog\u00eda de cursado:&nbsp;<\/strong> A distancia EN DIFERIDO<\/p>\n<p><strong>Inicio:<\/strong> Inmediato<\/p>\n<\/div>\n<div class=\"about\">\n<div id=\"typical-course\">\n<div class=\"about\">\n<hr>\n<\/div>\n<\/div>\n<div id=\"about-course\">\n<div class=\"subtitle\">\n<div id=\"about-course\">\n<div class=\"subtitle\">\n<h2>Programa<\/h2>\n<h3>Primera parte<\/h3>\n<p><strong>DR. C\u00e9sar Livtin<\/strong>.&nbsp;C.E.O. Lisicki Litvin &amp; Asociados.&nbsp;Profesor Titular en la C\u00e1tedra de Teor\u00eda y T\u00e9cnica Impositiva I de la FCE, UBA.<\/p>\n<p><strong>Juan Carlos Cerutti.&nbsp;<\/strong>Director de Derecho del Trabajo en PLAN -A.&nbsp;Abogado especialista en Derecho del Trabajo<\/p>\n<h3>Temario<\/h3>\n<ul>\n<li>Ronda de Novedades en el Ambito Impositivo y Laboral<\/li>\n<li>Programa de Asistencia en la Emergencia para el Trabajo y la Producci\u00f3n<\/li>\n<li>Impuesto a las grandes fortunas<\/li>\n<li>Actuaci\u00f3n profesional<\/li>\n<li>Dem\u00e1s temas de Actualidad<\/li>\n<\/ul>\n<h3>Segunda Parte<\/h3>\n<p><strong>Salvador Di Stefano<\/strong>. Analista de Mercados. Asesor en Negocios, Econ\u00f3mico y Financiero de empresas e individuos ligadas al comercio, industria y campo. Conferencista en distintas ciudades del pa\u00eds. Columnista semanal del suplemento econ\u00f3mico del diario La Capital de Rosario desde el a\u00f1o 1994 a la fecha. Titular de la Consultora Salvador Di Stefano y Asociados.<\/p>\n<h3>Temario<\/h3>\n<ul>\n<li>El impacto fiscal<\/li>\n<li>ActividadEcon\u00f3mica<\/li>\n<li>D\u00f3lar y tasa de inter\u00e9s<\/li>\n<li>Salimos de la crisis en V, U o L<\/li>\n<\/ul>\n<hr>\n<h2>Metodolog\u00eda de Cursado<\/h2>\n<p><strong>A distancia en diferido:<\/strong> Grabaci\u00f3n de las clases disponibles para ver en otro momento, cuando y d\u00f3nde quieras. Disponibles en la plataforma de alumno, 24 hs despu\u00e9s del curso y disponible durante 4 meses sin limites de entrada. La modalidad en diferido esta disponible para todos los alumnos inscriptos al curso independientemente que hayan participado presencialmente a distancia o lo tomen directamente en diferido.<\/p>\n<p><strong>Red de Networking: <\/strong>Permanente interacci\u00f3n entre alumnos del Programa, directores de Agroeducaci\u00f3n, Docente y profesionales vinculados, a trav\u00e9s de webinars, grupo de whatsapp, informes privados, etc. durante todo el a\u00f1o.<\/p>\n<div id=\"typical-course\">\n<hr>\n<div class=\"costo\">Costo:<\/p>\n<h5 class=\"costo\"><del>$2.500 <\/del>$1.250<\/h5>\n<\/div>\n<div>\n<h6>Pod\u00e9s pagar en cuotas sin inter\u00e9s. La financiaci\u00f3n con tarjeta de cr\u00e9dito est\u00e1 a cargo de MercadoPago. Consult\u00e1 condiciones&nbsp;<a href=\"https:\/\/www.mercadopago.com.ar\/cuotas\" target=\"_blank\" rel=\"noopener noreferrer\">aqu\u00ed.<\/a><\/h6>\n<h6>Si sos del exterior, te enviaremos el cup\u00f3n de PayPal a tu correo electr\u00f3nico.<\/h6>\n<h5>Para inscripciones segu\u00ed los pasos de inscripci\u00f3n, en caso de tener alguna consulta o duda comun\u00edcate con nuestro equipo de Agroeducaci\u00f3n:<\/h5>\n<h5>Cursos y Conferencias: Noelia &#8211; info@agroeducacion.com &#8211; Whatsapp. +54 9 341 5593990<\/h5>\n<h5>Administraci\u00f3n: Roc\u00edo &#8211; administraci\u00f3n@agroeducacion.com<\/h5>\n<hr>\n<p><a class=\"inscripcion\" href=\"https:\/\/agroeducacion.3gmatika.com\/inscripcion\/index.php?idcurso=447\" target=\"_blank\" rel=\"noopener noreferrer\">INSCRIPCI\u00d3N AQU\u00cd<\/a><\/p>\n<\/div>\n<\/div>\n<\/div>\n<\/div>\n<\/div>\n<\/div>\n<\/div>\n<\/div>\n<\/div>\n","protected":false},"excerpt":{"rendered":"<p>Metodolog\u00eda de cursado:&nbsp; A distancia EN DIFERIDO Inicio: Inmediato Programa Primera parte DR. C\u00e9sar Livtin.&nbsp;C.E.O. Lisicki Litvin &amp; Asociados.&nbsp;Profesor Titular en la C\u00e1tedra de Teor\u00eda y T\u00e9cnica Impositiva I de la FCE, UBA. Juan Carlos Cerutti.&nbsp;Director de Derecho del Trabajo en PLAN -A.&nbsp;Abogado especialista en Derecho del Trabajo Temario Ronda de Novedades en el Ambito &hellip;<\/p>\n","protected":false},"author":5,"featured_media":9613,"comment_status":"closed","ping_status":"closed","sticky":false,"template":"","format":"standard","meta":{"footnotes":""},"categories":[1],"tags":[],"class_list":["post-5482","post","type-post","status-publish","format-standard","has-post-thumbnail","hentry","category-contenido-exclusivo"],"amp_enabled":true,"_links":{"self":[{"href":"https:\/\/www.agroeducacion.com\/website\/wp-json\/wp\/v2\/posts\/5482","targetHints":{"allow":["GET"]}}],"collection":[{"href":"https:\/\/www.agroeducacion.com\/website\/wp-json\/wp\/v2\/posts"}],"about":[{"href":"https:\/\/www.agroeducacion.com\/website\/wp-json\/wp\/v2\/types\/post"}],"author":[{"embeddable":true,"href":"https:\/\/www.agroeducacion.com\/website\/wp-json\/wp\/v2\/users\/5"}],"replies":[{"embeddable":true,"href":"https:\/\/www.agroeducacion.com\/website\/wp-json\/wp\/v2\/comments?post=5482"}],"version-history":[{"count":3,"href":"https:\/\/www.agroeducacion.com\/website\/wp-json\/wp\/v2\/posts\/5482\/revisions"}],"predecessor-version":[{"id":13098,"href":"https:\/\/www.agroeducacion.com\/website\/wp-json\/wp\/v2\/posts\/5482\/revisions\/13098"}],"wp:featuredmedia":[{"embeddable":true,"href":"https:\/\/www.agroeducacion.com\/website\/wp-json\/wp\/v2\/media\/9613"}],"wp:attachment":[{"href":"https:\/\/www.agroeducacion.com\/website\/wp-json\/wp\/v2\/media?parent=5482"}],"wp:term":[{"taxonomy":"category","embeddable":true,"href":"https:\/\/www.agroeducacion.com\/website\/wp-json\/wp\/v2\/categories?post=5482"},{"taxonomy":"post_tag","embeddable":true,"href":"https:\/\/www.agroeducacion.com\/website\/wp-json\/wp\/v2\/tags?post=5482"}],"curies":[{"name":"wp","href":"https:\/\/api.w.org\/{rel}","templated":true}]}}