{"id":5281,"date":"2020-03-30T12:02:44","date_gmt":"2020-03-30T12:02:44","guid":{"rendered":"https:\/\/www.agroeducacion.com\/web\/?p=5281"},"modified":"2021-02-05T15:47:05","modified_gmt":"2021-02-05T15:47:05","slug":"mercados-de-granos-en-tiempos-de-coronavirus","status":"publish","type":"post","link":"https:\/\/www.agroeducacion.com\/website\/mercados-de-granos-en-tiempos-de-coronavirus\/","title":{"rendered":"Mercados de Granos en Tiempos de Coronavirus"},"content":{"rendered":"<header>\n<header>\n<h6>Paulina Lescano &#8211; Especialista en Mercados del Agro | Especial para Agroeducaci\u00f3n<\/h6>\n<\/header>\n<div class=\"titulo\">\n<hr>\n<\/div>\n<div class=\"texto\">\n<p><strong>Hace muchos a\u00f1os el an\u00e1lisis de los precios de los granos se basaba en los cl\u00e1sicos fundamentals, o mejor dicho el an\u00e1lisis de cuanto era la oferta (producci\u00f3n) vs la demanda (consumo) en los principales pa\u00edses productores y consumidores.<\/strong><\/p>\n<p>Luego esos factores de oferta empezaron a relacionarse, no solo con lo producido, sino con la posibilidad de que esa producci\u00f3n pueda llegar a los consumidores, y ah\u00ed empez\u00f3 a entrar las decisiones que tomaban los pa\u00edses productores en cuanto a restricciones de exportaci\u00f3n o no, y por el caso de la demanda si a la demanda real se le interpon\u00eda alguna traba de importaci\u00f3n desde el pa\u00eds consumidor. Y as\u00ed todo se fue haciendo cada vez mas complejo, hasta llegar al extremo de lo que vimos desde hace ya 2 a\u00f1os. Si, ya hace dos a\u00f1os que comenz\u00f3 la famosa guerra comercial entre Estados Unidos y China. Durante 2018 y 2019 los mercados de granos se movieron, no solo por la realidad respecto al comercio entre esas dos potencias, sino que el primer movimiento muchas veces se originaba en un Twit del presidente de USA, y a partir de ah\u00ed el mercado esperaba la reacci\u00f3n del gobierno de China.<\/p>\n<p>Y as\u00ed transcurrieron dos campa\u00f1as, en las cuales los mercados de granos perdieron gran parte de su valor y nunca pudieron recuperar.<\/p>\n<p>Cuando finalmente se ve\u00eda una luz de esperanza al final del t\u00fanel, con la firma del acuerdo Fase 1 que entraba en vigor en febrero, no hace falta que comente que ocurri\u00f3 en ese momento.<\/p>\n<p>El coronavirus es noticia desde fines de diciembre, pero fue en enero que empez\u00f3 a tomar mayor relevancia a nivel global cuando China comenz\u00f3 a tomar medidas dr\u00e1sticas de aislamiento y control que incluy\u00f3 cierre completo de ciudades.<\/p>\n<p>Y entonces llegamos al 30 de marzo, con gran parte del mundo con contagiados y fallecidos, y con gran cantidad de pa\u00edses tomando antes o despu\u00e9s, la decisi\u00f3n de ir desde la sugerencia hasta el forzado del aislamiento.<\/p>\n<p>Y entonces los granos obviamente no pueden escapar de esta realidad.<\/p>\n<p>La oferta de la campa\u00f1a 19-20 ya est\u00e1, ya se est\u00e1 en etapa de cosecha en Sudam\u00e9rica, en Brasil ha sido r\u00e9cord, en Argentina parece que ser\u00e1 menor que lo que esper\u00e1bamos originalmente, pero aun as\u00ed ser\u00e1 un volumen muy importante.<\/p>\n<p>La oferta est\u00e1.<\/p>\n<p>La demanda, luego de verse afectada por la guerra comercial, la peste porcina, ahora se ve afectada por varios elementos. Por un lado si bien China se ha visto mas activa en lo que va del mes, las proyecciones que manejan siguen estando muy por debajo de las que ten\u00edamos hace 2 a\u00f1os, por otro lado los cierres de las econom\u00edas, reducen la demanda de carnes que se traduce en menor demanda de alimentos para engorde, la actividad global se desploma, en consecuencia hay menor uso de combustibles y por si no fuera poco, con la guerra por los precios de petr\u00f3leo estos dos \u00faltimos elementos hacen que sea cada vez menos rentable usar biocombustibles para las mezclas.<\/p>\n<p>Y entonces entramos en un terreno que est\u00e1 lejos de darnos buenas se\u00f1ales en el corto plazo.<\/p>\n<p>Localmente analizando cantidad de barcos a cargar en pr\u00f3ximos dos meses, si estuvi\u00e9ramos en una situaci\u00f3n normal, podr\u00edamos pensar que se dar\u00eda buen soporte de precios y d\u00edas de oportunidades frente a alguna necesidad puntual de exportadores.<\/p>\n<p>Para tener de referencia de acuerdo con el Min. de Agricultura en los pr\u00f3ximos 15 d\u00edas hay para embarcar 2,4 mill tn de Ma\u00edz, y 1,6 mill tn de subproductos (Aceite y harina de soja).<\/p>\n<p>Pero la realidad se plantea muy distinta, todos los d\u00edas amanecemos con distintas noticias respecto a posibles alteraciones\/rupturas en la cadena log\u00edstica desde el campo al barco. El contexto de corto plazo sigue con alt\u00edsima incertidumbre. El mediano-largo plazo puede ser muy distinto.<\/p>\n<p>Y ese mediano plazo depende hoy, casi exclusivamente, de c\u00f3mo se desarrolla la pandemia, cuanto tiempo duran los \u201ccierres\u201d \u201cparate\u201d de las econom\u00edas locales y globales. Y de nuevo, el consejo que siempre sale desde Agroeducaci\u00f3n, anticiparse a posibles nuevas bajas, buscar las mejores maneras de poner pisos y a la vez tener la posibilidad de capturar mejoras en el mediano largo plazo, sin dejar de estar atento a d\u00edas de oportunidad que pueden seguir apareciendo a pesar de todo.<br \/>\n.<\/p>\n<hr>\n<\/div>\n<div class=\"texto\">\n<p style=\"text-align: left;\"><em>Paulina Lescano &#8211; Especialista en Mercado de Granos<\/em><i>| <strong>Docente de Agroeducaci\u00f3n<\/strong><\/i><\/p>\n<p style=\"text-align: left;\"><i style=\"text-align: right;\"><strong><a href=\"https:\/\/www.agroeducacion.com\/postgrado\/\"><img loading=\"lazy\" decoding=\"async\" class=\"size-full wp-image-4471 alignnone\" src=\"https:\/\/www.agroeducacion.com\/web\/wp-content\/uploads\/2019\/11\/SOLOCAMPO-PG2020-910X100.gif\" alt=\"\" width=\"910\" height=\"100\"><\/a><\/strong><\/i><\/p>\n<\/div>\n<\/header>\n","protected":false},"excerpt":{"rendered":"<p>Paulina Lescano &#8211; Especialista en Mercados del Agro | Especial para Agroeducaci\u00f3n Hace muchos a\u00f1os el an\u00e1lisis de los precios de los granos se basaba en los cl\u00e1sicos fundamentals, o mejor dicho el an\u00e1lisis de cuanto era la oferta (producci\u00f3n) vs la demanda (consumo) en los principales pa\u00edses productores y consumidores. Luego esos factores de &hellip;<\/p>\n","protected":false},"author":5,"featured_media":9859,"comment_status":"open","ping_status":"open","sticky":false,"template":"","format":"standard","meta":{"footnotes":""},"categories":[51],"tags":[96],"class_list":["post-5281","post","type-post","status-publish","format-standard","has-post-thumbnail","hentry","category-granos","tag-paulina-lescano"],"amp_enabled":true,"_links":{"self":[{"href":"https:\/\/www.agroeducacion.com\/website\/wp-json\/wp\/v2\/posts\/5281","targetHints":{"allow":["GET"]}}],"collection":[{"href":"https:\/\/www.agroeducacion.com\/website\/wp-json\/wp\/v2\/posts"}],"about":[{"href":"https:\/\/www.agroeducacion.com\/website\/wp-json\/wp\/v2\/types\/post"}],"author":[{"embeddable":true,"href":"https:\/\/www.agroeducacion.com\/website\/wp-json\/wp\/v2\/users\/5"}],"replies":[{"embeddable":true,"href":"https:\/\/www.agroeducacion.com\/website\/wp-json\/wp\/v2\/comments?post=5281"}],"version-history":[{"count":2,"href":"https:\/\/www.agroeducacion.com\/website\/wp-json\/wp\/v2\/posts\/5281\/revisions"}],"predecessor-version":[{"id":9860,"href":"https:\/\/www.agroeducacion.com\/website\/wp-json\/wp\/v2\/posts\/5281\/revisions\/9860"}],"wp:featuredmedia":[{"embeddable":true,"href":"https:\/\/www.agroeducacion.com\/website\/wp-json\/wp\/v2\/media\/9859"}],"wp:attachment":[{"href":"https:\/\/www.agroeducacion.com\/website\/wp-json\/wp\/v2\/media?parent=5281"}],"wp:term":[{"taxonomy":"category","embeddable":true,"href":"https:\/\/www.agroeducacion.com\/website\/wp-json\/wp\/v2\/categories?post=5281"},{"taxonomy":"post_tag","embeddable":true,"href":"https:\/\/www.agroeducacion.com\/website\/wp-json\/wp\/v2\/tags?post=5281"}],"curies":[{"name":"wp","href":"https:\/\/api.w.org\/{rel}","templated":true}]}}