{"id":5270,"date":"2020-03-27T22:41:47","date_gmt":"2020-03-27T22:41:47","guid":{"rendered":"https:\/\/www.agroeducacion.com\/web\/?p=5270"},"modified":"2021-02-05T15:22:48","modified_gmt":"2021-02-05T15:22:48","slug":"el-coronavirus-y-la-economia","status":"publish","type":"post","link":"https:\/\/www.agroeducacion.com\/website\/el-coronavirus-y-la-economia\/","title":{"rendered":"El coronavirus y la econom\u00eda"},"content":{"rendered":"<div class=\"titulo\">\n<h3>Por Salvador Di Stefano<\/h3>\n<\/div>\n<div>La crisis sanitaria se profundiza, la cuarentena podr\u00eda seguir hasta el lunes 13 de abril, y la situaci\u00f3n econ\u00f3mica del pa\u00eds se complica. Los bancos deber\u00edan cumplir otro rol en este escenario. El Banco Central no ha dinamizado el financiamiento. Se posterga el pago de servicios, congelan alquileres y se proh\u00edben ejecuciones.<\/p>\n<p><strong>\u00bfDif\u00edcil el escenario?<\/strong><\/p>\n<p>. &#8211; Muy dif\u00edcil, cuando ves lo que sucede en Estados Unidos con el coronavirus dec\u00eds \u00ab<em>qu\u00e9 bien lo estamos haciendo<\/em>\u00ab, cuando te dicen que vamos a una cuarentena muy larga, te preguntas, \u00bfc\u00f3mo nos manejamos con la econom\u00eda?<\/p>\n<p><strong>\u00bfCu\u00e1l es la respuesta?<\/strong><\/p>\n<p>. &#8211; Probablemente estemos haciendo las cosas muy bien en materia sanitaria, y no estamos acompa\u00f1ando en materia econ\u00f3mica. Cerrar el pa\u00eds m\u00e1s de 30 d\u00edas traer\u00e1 aparejada una tragedia econ\u00f3mica que ser\u00e1 muy dif\u00edcil de revertir en el corto plazo, pero se podr\u00e1 revertir en el tiempo. Una p\u00e9rdida de la vida humana no se reemplaza nunca m\u00e1s. Es muy dif\u00edcil el punto medio.<\/p>\n<p><strong>\u00bfC\u00f3mo se vienen los pr\u00f3ximos d\u00edas?<\/strong><\/p>\n<p>. &#8211; El lunes y martes ser\u00e1n feriados, pero a partir del mi\u00e9rcoles se podr\u00eda reiniciar una nueva cuarentena que nos lleve al lunes 13 de abril, de esa forma cumplir\u00edamos 24 d\u00edas encerrados. El problema es que el pico de contagio se producir\u00eda en mayo, por ende, lo que hay que planificar es demasiado. El d\u00f3lar bolsa o blue cayendo porque faltan pesos en la econom\u00eda, aunque sobran pesos entre los que vendieron y no pudieron depositar, una cosa de locos.<\/p>\n<p><strong>\u00bfC\u00f3mo ves el d\u00eda a d\u00eda?<\/strong><\/p>\n<p>. &#8211; Muy complicado, se brind\u00f3 tanta informaci\u00f3n y en forma desordenada que gener\u00f3 p\u00e1nico en la poblaci\u00f3n. En Santa Fe hay ciudades y pueblos que cortaron la ruta, los camiones no llegan a puerto y se paran las exportaciones del pa\u00eds, eso significa que no ingresar\u00e1n d\u00f3lares, lo que implica p\u00e9rdida de ingresos fiscales y dinero para aplicar al gasto en salud.<\/p>\n<p><strong>\u00bfVendr\u00e1 dinero de afuera?<\/strong><\/p>\n<p>. &#8211; La informaci\u00f3n con la que contamos nos indica que podr\u00eda venir una ayuda del FMI, que rondar\u00eda entre un piso de U$S 2.500 millones y un m\u00e1ximo de U$S 5.000 millones. Dinero m\u00e1s que suficiente para poder ir poniendo pa\u00f1os fr\u00edos al mal momento de las finanzas p\u00fablicas.<\/p>\n<p><strong>\u00bfQu\u00e9 hacemos con la deuda?<\/strong><\/p>\n<p>. &#8211; Dar una soluci\u00f3n al tema de la deuda es muy importante, porque es lo que te permite mostrar voluntad de pago y que no se cierren los canales de cr\u00e9dito del exterior.<\/p>\n<p><strong>\u00bfQu\u00e9 es voluntad de pago, si no es pagar?<\/strong><\/p>\n<p>. &#8211; Es una buena pregunta, por ejemplo, que el gobierno manifieste negociar la deuda pasada la pandemia, y que en el corto plazo realice el pago simb\u00f3lico de intereses, que no es una suma elevada, pero que demuestra que desea seguir en el mercado financiero.<\/p>\n<p><strong>\u00bfQu\u00e9 desea proponer el gobierno?<\/strong><\/p>\n<p>. &#8211; El gobierno rechaz\u00f3 la ayuda del FMI. El FMI le propuso un cr\u00e9dito de facilidades extendidas a 10 a\u00f1os de plazo, con mayor aporte de capital, pero con el compromiso de llevar adelante reformas estructurales. Como el gobierno descart\u00f3 este financiamiento, el FMI le pasar\u00e1 a cobrar lo prestado.<\/p>\n<p><strong>\u00bfHay que pagarle al FMI?<\/strong><\/p>\n<p>. &#8211; Por supuesto, es propuesta y contra propuesta, ellos dan plazo si ven que pod\u00e9s pagar, de lo contrario prefieren cobrar, el FMI no deja de ser un prestamista, no es Papa Noel.<\/p>\n<p><strong>\u00bfTenemos que pagar con nuestro presupuesto?<\/strong><\/p>\n<p>. &#8211; Un peque\u00f1o detalle, el gobierno no desea ajustar el Estado, sigue con la idea de un Estado grande, que siga otorgando muchos beneficios sociales y creen en que la presi\u00f3n tributaria debe crecer en los pr\u00f3ximos a\u00f1os. Como las necesidades de fondos son altas, el gobierno propone que no puede generar super\u00e1vit fiscal en el corto plazo, por ende, solicita suspender todo pago de inter\u00e9s y amortizaci\u00f3n de deuda de cara a los pr\u00f3ximo 4 a\u00f1os.<\/p>\n<p><strong>\u00bfCon eso se acomoda?<\/strong><\/p>\n<p>. &#8211; Como considera que no alcanza, se presume que el gobierno solicitar\u00eda una quita del 50% de capital e intereses de la deuda.<\/p>\n<p><strong>\u00bfLo aceptar\u00e1n los acreedores?<\/strong><\/p>\n<p>. &#8211; No solo no lo aceptar\u00e1n, quedar\u00edamos afuera del mercado de cr\u00e9dito para combatir esta emergencia. En algunos casos mostrar voluntad de pago y postergar la reestructuraci\u00f3n de la deuda, ser\u00eda un signo inequ\u00edvoco de que queremos pagar, pero no me dejes sin cr\u00e9dito ante la pandemia.<\/p>\n<p><strong>El gobierno tiene un gen estatista que persiste<\/strong><\/p>\n<p>. &#8211; En el mundo los Estados arruinaron al sector privado, y en muchos casos actuaron en connivencia para rescatar a quienes nunca debieron rescatar, como por ejemplo los bancos en la crisis 2008\/09. Se postergan crisis que terminan estallando en el tiempo. Cuando est\u00e1 probado que la pol\u00edtica de m\u00e1s Estado, m\u00e1s d\u00e9ficit fiscal y tasa 0% fue un error tremendo, en la Argentina se apuesta por m\u00e1s Estado, m\u00e1s d\u00e9ficit fiscal y tasa negativa contra la inflaci\u00f3n.<\/p>\n<p><strong>Hoy no pod\u00e9s tener super\u00e1vit<\/strong><\/p>\n<p>. &#8211; Esto es lo m\u00e1s loco, hoy que el Estado deber\u00eda salir como un bombero a apagar incendios y no importar la emisi\u00f3n monetaria, est\u00e1 sentado arriba del dinero sin medidas que puedan ayudar a los afectados econ\u00f3micamente por la pandemia. Hace d\u00edas que se habla del cr\u00e9dito al 24% anual para las empresas, y los gerentes de los bancos no saben nada de este financiamiento. Se abre el <em>clearing <\/em>para que ingresen los cheques y no hay financiamiento habilitado, pero el Banco Central te dice que si hay cheques rechazados no te cobran multa. Se necesitan pagar los sueldos de marzo y todav\u00eda no hay un mecanismo para financiar a las empresas. La ayuda a los trabajadores informales ser\u00e1 muy lenta, reci\u00e9n en abril estar\u00eda el formulario, y cobrar\u00edan a fines de abril con suerte.<\/p>\n<p><strong>\u00bfQu\u00e9 hay que hacer?<\/strong><\/p>\n<p>. &#8211; Simple, la AFIP nos conoce a todos, r\u00e1pidamente sabe cu\u00e1ntos empleados tiene una empresa en el sector formal, esto implica otorgarle en forma inmediata un cr\u00e9dito equivalente a la n\u00f3mina salarial de marzo a una tasa del 24% anual. Esto se hace r\u00e1pido porque hay veh\u00edculo para llegar a la empresa, ya que todas tienen cuentas bancarias. Para las familias, un cr\u00e9dito a tasa del 12% anual para lo que necesiten, equivalente a 6 sueldos lo que implica dinero l\u00edquido para resolver problemas de corto plazo. Para los cuentapropistas, l\u00edneas de cr\u00e9dito equivalentes a 3 meses de ventas, a una tasa del 12% anual. Para los que est\u00e1n en el r\u00e9gimen de monotributo, cr\u00e9dito al 12% anual, por el monto equivalente a su categor\u00eda multiplicado por 3. Para los informales agilizar el tramite de la Anses.<\/p>\n<p><strong>Vos le das un cr\u00e9dito a todos<\/strong><\/p>\n<p>. &#8211; Correcto, no le doy subsidio a nadie, a la gente le brindo salud, comida en comedores comunitarios, postergo el pago de impuestos y servicios a tasa 0%, pero si necesita dinero le doy cr\u00e9dito a tasa de inter\u00e9s baja, probablemente si no lo pueda pagar, se lo voy a renovar en el tiempo, y tal vez baje la tasa de inter\u00e9s, pero si largo dinero al mercado, a futuro lo tendr\u00e9 que sacar y si no puedo hacerlo la tasa de inflaci\u00f3n se ir\u00e1 por las nubes. Tengo que pensar en resolver el problema hoy, y que no se me complique ma\u00f1ana.<\/p>\n<p><strong>Conclusi\u00f3n<\/strong><\/p>\n<p>. &#8211; Es muy dif\u00edcil una soluci\u00f3n al problema del coronavirus. Argentina tiene severos problemas de gerenciamiento, con las mejores intenciones hacemos las cosas mal. Seguir cerrados salva vidas, pero terminar\u00e1 con muchos emprendedores si no hay una buena gesti\u00f3n del conflicto. El gobierno deber\u00eda dividirse en dos, con descentralizaci\u00f3n de la toma de decisiones, una parte atendiendo la emergencia sanitaria, como lo hace hasta el d\u00eda de hoy, y otra parte del gobierno ocup\u00e1ndose de la emergencia econ\u00f3mica. Vemos muy lento al Banco Central, en muchas oportunidades nos indicaron que los bancos tienen que tener un tratamiento especial porque son un servicio p\u00fablico, y por ende hay que rescatarlos de las crisis, como sucedi\u00f3 en el a\u00f1o 1995, 2001 y 2008. En la actualidad parece que el concepto de servicio p\u00fablico desapareci\u00f3, hay negocios que est\u00e1n vendiendo y no saben d\u00f3nde depositar el dinero, empresas que necesitan financiamiento y no tienen el banco abierto, las p\u00e1ginas de internet se caen, y no hay un oficial de cuentas con quien hablar. Por all\u00ed algo deber\u00eda revisarse, la cuarentena es larga, y sin bancos esto se complica.<\/p>\n<p><strong>\u00bfQu\u00e9 hacemos hoy?<\/strong><\/p>\n<p>. &#8211; Comit\u00e9 de crisis en Agroeducaci\u00f3n para seguir de cerca lo que sucede en econom\u00eda. Todo a distancia, nuevos tiempos, conferencias remotas.<\/p><\/div>\n","protected":false},"excerpt":{"rendered":"<p>Por Salvador Di Stefano La crisis sanitaria se profundiza, la cuarentena podr\u00eda seguir hasta el lunes 13 de abril, y la situaci\u00f3n econ\u00f3mica del pa\u00eds se complica. Los bancos deber\u00edan cumplir otro rol en este escenario. El Banco Central no ha dinamizado el financiamiento. Se posterga el pago de servicios, congelan alquileres y se proh\u00edben &hellip;<\/p>\n","protected":false},"author":5,"featured_media":5271,"comment_status":"open","ping_status":"open","sticky":false,"template":"","format":"standard","meta":{"footnotes":""},"categories":[14],"tags":[88],"class_list":["post-5270","post","type-post","status-publish","format-standard","has-post-thumbnail","hentry","category-economia","tag-salvador-di-stefano"],"amp_enabled":true,"_links":{"self":[{"href":"https:\/\/www.agroeducacion.com\/website\/wp-json\/wp\/v2\/posts\/5270","targetHints":{"allow":["GET"]}}],"collection":[{"href":"https:\/\/www.agroeducacion.com\/website\/wp-json\/wp\/v2\/posts"}],"about":[{"href":"https:\/\/www.agroeducacion.com\/website\/wp-json\/wp\/v2\/types\/post"}],"author":[{"embeddable":true,"href":"https:\/\/www.agroeducacion.com\/website\/wp-json\/wp\/v2\/users\/5"}],"replies":[{"embeddable":true,"href":"https:\/\/www.agroeducacion.com\/website\/wp-json\/wp\/v2\/comments?post=5270"}],"version-history":[{"count":1,"href":"https:\/\/www.agroeducacion.com\/website\/wp-json\/wp\/v2\/posts\/5270\/revisions"}],"predecessor-version":[{"id":10086,"href":"https:\/\/www.agroeducacion.com\/website\/wp-json\/wp\/v2\/posts\/5270\/revisions\/10086"}],"wp:featuredmedia":[{"embeddable":true,"href":"https:\/\/www.agroeducacion.com\/website\/wp-json\/"}],"wp:attachment":[{"href":"https:\/\/www.agroeducacion.com\/website\/wp-json\/wp\/v2\/media?parent=5270"}],"wp:term":[{"taxonomy":"category","embeddable":true,"href":"https:\/\/www.agroeducacion.com\/website\/wp-json\/wp\/v2\/categories?post=5270"},{"taxonomy":"post_tag","embeddable":true,"href":"https:\/\/www.agroeducacion.com\/website\/wp-json\/wp\/v2\/tags?post=5270"}],"curies":[{"name":"wp","href":"https:\/\/api.w.org\/{rel}","templated":true}]}}