{"id":4284,"date":"2019-09-26T12:48:46","date_gmt":"2019-09-26T12:48:46","guid":{"rendered":"https:\/\/www.agroeducacion.com\/web\/?p=4284"},"modified":"2021-02-04T16:16:19","modified_gmt":"2021-02-04T16:16:19","slug":"foro-global-agroalimentario-2019-el-futuro-de-la-agricultura-es-hoy","status":"publish","type":"post","link":"https:\/\/www.agroeducacion.com\/website\/foro-global-agroalimentario-2019-el-futuro-de-la-agricultura-es-hoy\/","title":{"rendered":"Foro Global Agroalimentario 2019: El futuro de la agricultura es hoy"},"content":{"rendered":"<p><img loading=\"lazy\" decoding=\"async\" class=\"alignright size-full wp-image-4285\" src=\"https:\/\/www.agroeducacion.com\/web\/wp-content\/uploads\/2019\/09\/medida-banner-3.png\" alt=\"\" width=\"844\" height=\"216\" \/><\/p>\n<div class=\"articulo\">\n<div class=\"about\">\n<div id=\"about-course\">\n<div class=\"about\">\n<div id=\"typical-course\">\n<div class=\"about\">\n<div class=\"about\">\n<div class=\"about\">\n<div class=\"about\">\n<p><strong>El 26 y 27 de Septiembre se realizar\u00e1 el Foro Global Agroalimentario 2019 en\u00a0Le\u00f3n Guanajuato, M\u00e9xico. El mismo contar\u00e1 con la presencia de Carlos Etchepare (director period\u00edstico de Canal Rural) y Salvador Di Stefano (director de Agroeducaci\u00f3n) en representaci\u00f3n de Argentina.<\/strong><\/p>\n<hr \/>\n<p>El FGA 2019 re\u00fane expertos de talla internacional en la que se incluyen personalidades de gobiernos y de sector privado, que compartir\u00e1n su expertis y las nuevas tecnolog\u00edas utilizadas o por utilizar en esta constante revoluci\u00f3n del sector agroalimentario.<\/p>\n<p>Carlos y Salvador formar\u00e1n parte de los Conferencistas y Panelistas de este importante evento, junto a grandes nombres del sector como\u00a0Victor Manuel Villalobos (M\u00e9xico),\u00a0Manuel L\u00e1inez Andr\u00e9s (Espa\u00f1a),\u00a0Ricardo Garc\u00eda (USA),\u00a0Stephan Hubertus G. (Francia), entre otros.<\/p>\n<\/div>\n<p>En Foro Global Alimentario se tocar\u00e1n temas sobre la perspectiva, mercados, cadenas de suministros, innovaci\u00f3n, sustentabilidad, inclusi\u00f3n, cadenas productivas y agricultura 4.0.<\/p>\n<p>Asimismo, contempla un marco actualizado para entender el v\u00ednculo entre productores y consumidores en los sistemas alimentarios; la reutilizaci\u00f3n de recursos de la producci\u00f3n de alimentos y la inserci\u00f3n de peque\u00f1os y medianos productores en las cadenas de valor agroalimentarias.<\/p>\n<p><img loading=\"lazy\" decoding=\"async\" class=\"alignright size-full wp-image-4287\" src=\"https:\/\/www.agroeducacion.com\/web\/wp-content\/uploads\/2019\/09\/66b90083-fd60-4dd3-b31e-45ada2d90ff6.jpg\" alt=\"\" width=\"1280\" height=\"960\" \/><\/p>\n<p><img loading=\"lazy\" decoding=\"async\" class=\"alignright size-full wp-image-4286\" src=\"https:\/\/www.agroeducacion.com\/web\/wp-content\/uploads\/2019\/09\/2b3506bd-7708-4ce2-8a28-69e00cf0f722.jpg\" alt=\"\" width=\"1280\" height=\"962\" \/><\/p>\n<div class=\"about\">\n<p><strong>Para m\u00e1s informaci\u00f3n ingres\u00e1 a <a href=\"https:\/\/www.fga.org.mx\/\" target=\"_blank\" rel=\"noopener\">www.fga.org.mx<\/a><\/strong><\/p>\n<\/div>\n<\/div>\n<\/div>\n<\/div>\n<\/div>\n<\/div>\n<\/div>\n<\/div>\n<\/div>\n","protected":false},"excerpt":{"rendered":"<p>El 26 y 27 de Septiembre se realizar\u00e1 el Foro Global Agroalimentario 2019 en\u00a0Le\u00f3n Guanajuato, M\u00e9xico. El mismo contar\u00e1 con la presencia de Carlos Etchepare (director period\u00edstico de Canal Rural) y Salvador Di Stefano (director de Agroeducaci\u00f3n) en representaci\u00f3n de Argentina. El FGA 2019 re\u00fane expertos de talla internacional en la que se incluyen personalidades &hellip;<\/p>\n","protected":false},"author":5,"featured_media":10041,"comment_status":"closed","ping_status":"closed","sticky":false,"template":"","format":"standard","meta":{"footnotes":""},"categories":[59],"tags":[],"class_list":["post-4284","post","type-post","status-publish","format-standard","has-post-thumbnail","hentry","category-eventos"],"amp_enabled":true,"_links":{"self":[{"href":"https:\/\/www.agroeducacion.com\/website\/wp-json\/wp\/v2\/posts\/4284","targetHints":{"allow":["GET"]}}],"collection":[{"href":"https:\/\/www.agroeducacion.com\/website\/wp-json\/wp\/v2\/posts"}],"about":[{"href":"https:\/\/www.agroeducacion.com\/website\/wp-json\/wp\/v2\/types\/post"}],"author":[{"embeddable":true,"href":"https:\/\/www.agroeducacion.com\/website\/wp-json\/wp\/v2\/users\/5"}],"replies":[{"embeddable":true,"href":"https:\/\/www.agroeducacion.com\/website\/wp-json\/wp\/v2\/comments?post=4284"}],"version-history":[{"count":1,"href":"https:\/\/www.agroeducacion.com\/website\/wp-json\/wp\/v2\/posts\/4284\/revisions"}],"predecessor-version":[{"id":8953,"href":"https:\/\/www.agroeducacion.com\/website\/wp-json\/wp\/v2\/posts\/4284\/revisions\/8953"}],"wp:featuredmedia":[{"embeddable":true,"href":"https:\/\/www.agroeducacion.com\/website\/wp-json\/wp\/v2\/media\/10041"}],"wp:attachment":[{"href":"https:\/\/www.agroeducacion.com\/website\/wp-json\/wp\/v2\/media?parent=4284"}],"wp:term":[{"taxonomy":"category","embeddable":true,"href":"https:\/\/www.agroeducacion.com\/website\/wp-json\/wp\/v2\/categories?post=4284"},{"taxonomy":"post_tag","embeddable":true,"href":"https:\/\/www.agroeducacion.com\/website\/wp-json\/wp\/v2\/tags?post=4284"}],"curies":[{"name":"wp","href":"https:\/\/api.w.org\/{rel}","templated":true}]}}