{"id":26545,"date":"2026-09-04T12:28:18","date_gmt":"2026-09-04T15:28:18","guid":{"rendered":"https:\/\/www.agroeducacion.com\/website\/?p=26545"},"modified":"2026-09-04T12:28:20","modified_gmt":"2026-09-04T15:28:20","slug":"mercado-cambiario-y-el-agro-economia-y-gestion","status":"publish","type":"post","link":"https:\/\/www.agroeducacion.com\/website\/mercado-cambiario-y-el-agro-economia-y-gestion\/","title":{"rendered":"Mercado Cambiario y el Agro. Economia y Gestion"},"content":{"rendered":"\n<figure class=\"wp-block-image size-large\"><img loading=\"lazy\" decoding=\"async\" width=\"1024\" height=\"576\" src=\"https:\/\/www.agroeducacion.com\/website\/wp-content\/uploads\/2026\/09\/Mesa-de-trabajo-1-copia-2-1024x576.png\" alt=\"\" class=\"wp-image-26546\" srcset=\"https:\/\/www.agroeducacion.com\/website\/wp-content\/uploads\/2026\/09\/Mesa-de-trabajo-1-copia-2-1024x576.png 1024w, https:\/\/www.agroeducacion.com\/website\/wp-content\/uploads\/2026\/09\/Mesa-de-trabajo-1-copia-2-300x169.png 300w, https:\/\/www.agroeducacion.com\/website\/wp-content\/uploads\/2026\/09\/Mesa-de-trabajo-1-copia-2-766x431.png 766w, https:\/\/www.agroeducacion.com\/website\/wp-content\/uploads\/2026\/09\/Mesa-de-trabajo-1-copia-2-390x220.png 390w, https:\/\/www.agroeducacion.com\/website\/wp-content\/uploads\/2026\/09\/Mesa-de-trabajo-1-copia-2-1536x864.png 1536w, https:\/\/www.agroeducacion.com\/website\/wp-content\/uploads\/2026\/09\/Mesa-de-trabajo-1-copia-2-2048x1152.png 2048w\" sizes=\"auto, (max-width: 1024px) 100vw, 1024px\" \/><\/figure>\n\n\n\n<h2 id=\"objetivo\" class=\"wp-block-heading\">Objetivo<\/h2>\n\n\n\n<p class=\"wp-block-paragraph\">Analizar las principales variables econ\u00f3micas, financieras y productivas que marcar\u00e1n el escenario del agro hacia 2027, integrando el flujo de d\u00f3lares, las decisiones de inversi\u00f3n y siembra, las nuevas din\u00e1micas del negocio ganadero y las alternativas de financiamiento e inversi\u00f3n, tanto en el sistema financiero como en el mercado de capitales.<\/p>\n\n\n\n<p class=\"wp-block-paragraph\">Adem\u00e1s, poner en perspectiva el mercado local frente al escenario mundial para identificar oportunidades, riesgos y herramientas que permitan tomar mejores decisiones en el negocio agropecuario.<\/p>\n\n\n\n<h2 id=\"objetivo\" class=\"wp-block-heading\">Temario<\/h2>\n\n\n\n<ul class=\"wp-block-list\">\n<li>Flujo de Dolares. Hacer Revaluacion?<\/li>\n\n\n\n<li>Siembra 2027. Soja o Maiz?<\/li>\n\n\n\n<li>Ganaderia, Un nuevo cambio en la forma de hacer negocios.<\/li>\n\n\n\n<li>Sistema Financiero &#8211; Creditos y colocaciones<\/li>\n\n\n\n<li>Mercado de Capitales y el negocio del campo.<\/li>\n<\/ul>\n\n\n\n<h3 class=\"wp-block-heading\">Docente a cargo<\/h3>\n\n\n\n<div class=\"wp-block-media-text is-stacked-on-mobile\" style=\"grid-template-columns:17% auto\"><figure class=\"wp-block-media-text__media\"><img loading=\"lazy\" decoding=\"async\" width=\"201\" height=\"200\" src=\"https:\/\/www.agroeducacion.com\/website\/wp-content\/uploads\/2024\/09\/Mesa-de-trabajo-12-1.png\" alt=\"\" class=\"wp-image-22764 size-full\" srcset=\"https:\/\/www.agroeducacion.com\/website\/wp-content\/uploads\/2024\/09\/Mesa-de-trabajo-12-1.png 201w, https:\/\/www.agroeducacion.com\/website\/wp-content\/uploads\/2024\/09\/Mesa-de-trabajo-12-1-150x150.png 150w\" sizes=\"auto, (max-width: 201px) 100vw, 201px\" \/><\/figure><div class=\"wp-block-media-text__content\">\n<p class=\"wp-block-paragraph\"><strong>SALVADOR DI STEFANO<\/strong><br>&#8211; Director de AgroEducaci\u00f3n<\/p>\n<\/div><\/div>\n\n\n\n<h2 class=\"wp-block-heading\"><strong>Metodolog\u00eda de Cursado<\/strong><\/h2>\n\n\n\n<p class=\"wp-block-paragraph\"><strong>Presencial:<\/strong>\u00a0En nuestras oficinas en Rosario &#8211; Cordoba 1452 &#8211; Piso 5 .<\/p>\n\n\n\n<p class=\"wp-block-paragraph\"><strong>A distancia en vivo:<\/strong>\u00a0A traves de Zoom.<\/p>\n\n\n\n<p class=\"wp-block-paragraph\"><strong>A distancia en Diferido:<\/strong>&nbsp;Grabaci\u00f3n de la clase para ver en otro momento, cu\u00e1ndo y d\u00f3nde quieras.<br>Disponible en la plataforma de alumno, 24 hs. despu\u00e9s del curso durante 4 meses sin l\u00edmites de entrada.<\/p>\n\n\n\n<p class=\"wp-block-paragraph\"><strong>La modalidad en diferido es para todos los alumnos inscriptos al curso independientemente que hayan participado presencialmente, a distancia o lo tomen directamente en diferido.<\/strong><\/p>\n\n\n\n<p class=\"wp-block-paragraph\"><\/p>\n\n\n\n<p class=\"wp-block-paragraph\"><strong>Para inscripciones<\/strong>&nbsp;segu\u00ed los pasos de inscripci\u00f3n, en caso de tener alguna consulta o duda<br>comun\u00edcate con nuestro equipo de Agroeducaci\u00f3n:<br><strong>Cursos y Conferencias: <\/strong>Paloma \u2013 info@agroeducacion.com \u2013 WA. +54 9 341 5593990<br><strong>Administraci\u00f3n: <\/strong> Gilda \u2013 administraci\u00f3n@agroeducacion.com<\/p>\n\n\n\n<p class=\"has-text-align-center has-white-color has-text-color has-background has-medium-font-size wp-block-paragraph\" style=\"background-color:#2c323f\"><strong>VALOR $80.000 + IVA \/\/ U$D 50<\/strong><\/p>\n\n\n\n<div class=\"wp-block-columns is-layout-flex wp-container-core-columns-is-layout-8f761849 wp-block-columns-is-layout-flex\">\n<div class=\"wp-block-column is-layout-flow wp-block-column-is-layout-flow\" style=\"flex-basis:100%\">\n<div class=\"wp-block-buttons is-layout-flex wp-block-buttons-is-layout-flex\">\n<div style=\"--wp--block-button--width: 100;\" class=\"wp-block-button has-custom-width wp-block-button__width wp-block-button__width-100\"><a class=\"wp-block-button__link has-background has-medium-font-size has-custom-font-size wp-element-button\" href=\"https:\/\/agroeducacion.lookingfortrouble.ai\/inscription\/mercado-cambiario-y-el-agro-2026\" style=\"border-radius:12px;background-color:#142d96\">INSCRIBITE AQU\u00cd<\/a><\/div>\n<\/div>\n<\/div>\n<\/div>\n\n\n\n<p class=\"has-text-align-center wp-block-paragraph\"><strong>Sin cargo<\/strong> alumnos del Postgrado en Agronegocios<br><strong>Sin cargo<\/strong> alumnos del Programa de Econom\u00eda<br><strong>Media beca<\/strong> para Socios de AgroEducaci\u00f3n<\/p>\n\n\n\n<p class=\"has-text-align-center wp-block-paragraph\"><\/p>\n\n\n\n<hr class=\"wp-block-separator has-alpha-channel-opacity\"\/>\n\n\n\n<p class=\"has-text-align-center wp-block-paragraph\"><strong>\u2193 CURSO DE POSTGRADO EN AGRONEGOCIOS 2026\/27 \u2193<\/strong><br>NUEVO INICIO | 25 DE SEPTIEMBRE &#8211; MODULO COMERCIALIZACION<\/p>\n\n\n\n<figure class=\"wp-block-image size-large\"><a href=\"https:\/\/www.agroeducacion.com\/postgrado\/\"><img loading=\"lazy\" decoding=\"async\" width=\"1920\" height=\"341\" src=\"https:\/\/www.agroeducacion.com\/website\/wp-content\/uploads\/2026\/09\/ezgif.com-gif-maker-29.gif\" alt=\"\" class=\"wp-image-26548\"\/><\/a><\/figure>\n\n\n\n<p class=\"wp-block-paragraph\"><\/p>\n","protected":false},"excerpt":{"rendered":"<p>Objetivo Analizar las principales variables econ\u00f3micas, financieras y productivas que marcar\u00e1n el escenario del agro hacia 2027, integrando el flujo de d\u00f3lares, las decisiones de inversi\u00f3n y siembra, las nuevas din\u00e1micas del negocio ganadero y las alternativas de financiamiento e inversi\u00f3n, tanto en el sistema financiero como en el mercado de capitales. Adem\u00e1s, poner en &hellip;<\/p>\n","protected":false},"author":207,"featured_media":26547,"comment_status":"open","ping_status":"open","sticky":false,"template":"","format":"standard","meta":{"footnotes":""},"categories":[66,15],"tags":[],"class_list":["post-26545","post","type-post","status-publish","format-standard","has-post-thumbnail","hentry","category-cursos","category-proximos-cursos"],"amp_enabled":true,"_links":{"self":[{"href":"https:\/\/www.agroeducacion.com\/website\/wp-json\/wp\/v2\/posts\/26545","targetHints":{"allow":["GET"]}}],"collection":[{"href":"https:\/\/www.agroeducacion.com\/website\/wp-json\/wp\/v2\/posts"}],"about":[{"href":"https:\/\/www.agroeducacion.com\/website\/wp-json\/wp\/v2\/types\/post"}],"author":[{"embeddable":true,"href":"https:\/\/www.agroeducacion.com\/website\/wp-json\/wp\/v2\/users\/207"}],"replies":[{"embeddable":true,"href":"https:\/\/www.agroeducacion.com\/website\/wp-json\/wp\/v2\/comments?post=26545"}],"version-history":[{"count":1,"href":"https:\/\/www.agroeducacion.com\/website\/wp-json\/wp\/v2\/posts\/26545\/revisions"}],"predecessor-version":[{"id":26549,"href":"https:\/\/www.agroeducacion.com\/website\/wp-json\/wp\/v2\/posts\/26545\/revisions\/26549"}],"wp:featuredmedia":[{"embeddable":true,"href":"https:\/\/www.agroeducacion.com\/website\/wp-json\/wp\/v2\/media\/26547"}],"wp:attachment":[{"href":"https:\/\/www.agroeducacion.com\/website\/wp-json\/wp\/v2\/media?parent=26545"}],"wp:term":[{"taxonomy":"category","embeddable":true,"href":"https:\/\/www.agroeducacion.com\/website\/wp-json\/wp\/v2\/categories?post=26545"},{"taxonomy":"post_tag","embeddable":true,"href":"https:\/\/www.agroeducacion.com\/website\/wp-json\/wp\/v2\/tags?post=26545"}],"curies":[{"name":"wp","href":"https:\/\/api.w.org\/{rel}","templated":true}]}}