{"id":25899,"date":"2026-04-27T14:50:26","date_gmt":"2026-04-27T17:50:26","guid":{"rendered":"https:\/\/www.agroeducacion.com\/website\/?p=25899"},"modified":"2026-04-27T15:30:14","modified_gmt":"2026-04-27T18:30:14","slug":"agroeducacion-y-agroactiva-lanzan-una-beca-para-el-postgrado-en-agronegocios-2026","status":"publish","type":"post","link":"https:\/\/www.agroeducacion.com\/website\/agroeducacion-y-agroactiva-lanzan-una-beca-para-el-postgrado-en-agronegocios-2026\/","title":{"rendered":"AgroEducacion y AgroActiva lanzan una beca para el Postgrado en Agronegocios 2026"},"content":{"rendered":"\n<figure class=\"wp-block-image size-large\"><img loading=\"lazy\" decoding=\"async\" width=\"1024\" height=\"576\" src=\"https:\/\/www.agroeducacion.com\/website\/wp-content\/uploads\/2026\/04\/ChatGPT-Image-27-abr-2026-02_49_38-p.m-1024x576.png\" alt=\"\" class=\"wp-image-25901\" srcset=\"https:\/\/www.agroeducacion.com\/website\/wp-content\/uploads\/2026\/04\/ChatGPT-Image-27-abr-2026-02_49_38-p.m-1024x576.png 1024w, https:\/\/www.agroeducacion.com\/website\/wp-content\/uploads\/2026\/04\/ChatGPT-Image-27-abr-2026-02_49_38-p.m-300x169.png 300w, https:\/\/www.agroeducacion.com\/website\/wp-content\/uploads\/2026\/04\/ChatGPT-Image-27-abr-2026-02_49_38-p.m-768x432.png 768w, https:\/\/www.agroeducacion.com\/website\/wp-content\/uploads\/2026\/04\/ChatGPT-Image-27-abr-2026-02_49_38-p.m-1536x864.png 1536w, https:\/\/www.agroeducacion.com\/website\/wp-content\/uploads\/2026\/04\/ChatGPT-Image-27-abr-2026-02_49_38-p.m-390x220.png 390w, https:\/\/www.agroeducacion.com\/website\/wp-content\/uploads\/2026\/04\/ChatGPT-Image-27-abr-2026-02_49_38-p.m.png 1672w\" sizes=\"auto, (max-width: 1024px) 100vw, 1024px\" \/><\/figure>\n\n\n\n<p>En el marco de AgroActiva 2026, se abre una nueva oportunidad de formaci\u00f3n para quienes buscan profesionalizarse y proyectarse en el sector agropecuario.<\/p>\n\n\n\n<p>AgroActiva, en alianza con AgroEducaci\u00f3n, anuncia el lanzamiento de un sorteo que otorgar\u00e1 una beca para el Postgrado en Agronegocios 2026, una propuesta acad\u00e9mica orientada a potenciar el desarrollo profesional dentro del agro.<\/p>\n\n\n\n<p>Esta iniciativa tiene como objetivo acompa\u00f1ar a quienes quieren crecer, incorporar herramientas estrat\u00e9gicas y formar parte del futuro del campo, en un contexto donde la capacitaci\u00f3n y la visi\u00f3n integral del negocio agropecuario resultan cada vez m\u00e1s clave.<\/p>\n\n\n\n<p>El postgrado se dictar\u00e1 de manera presencial en la ciudad de Rosario, tendr\u00e1 inicio el 30 de abril de 2026 y una duraci\u00f3n de un a\u00f1o, brindando una formaci\u00f3n completa en gesti\u00f3n, estrategia y toma de decisiones en agronegocios.<\/p>\n\n\n\n<p><strong>C\u00f3mo participar<\/strong><\/p>\n\n\n\n<p>Quienes deseen participar del sorteo deber\u00e1n:<\/p>\n\n\n\n<ul class=\"wp-block-list\">\n<li>Seguir a @agroactiva y @agroeducacion en Instagram<\/li>\n\n\n\n<li>Dar \u201cme gusta\u201d a la publicaci\u00f3n del sorteo<\/li>\n\n\n\n<li>Comentar etiquetando a dos personas vinculadas al mundo agro<\/li>\n\n\n\n<li>Compartir el post en historias mencionando ambas cuentas para sumar m\u00e1s chances<\/li>\n<\/ul>\n\n\n\n<p>La convocatoria estar\u00e1 abierta hasta el 27 de abril, y el\/la ganador\/a ser\u00e1 anunciado a trav\u00e9s de las redes sociales de ambas organizaciones.<\/p>\n\n\n\n<p>Con esta acci\u00f3n, AgroActiva refuerza su compromiso con la formaci\u00f3n, el desarrollo profesional y la generaci\u00f3n de oportunidades dentro del sector agropecuario, consolid\u00e1ndose como una plataforma que impulsa no solo negocios, sino tambi\u00e9n conocimiento y crecimiento.<\/p>\n\n\n\n<p>*<strong>Sobre AgroActiva<\/strong>*<\/p>\n\n\n\n<p>Es la exposici\u00f3n agropecuaria a campo abierto m\u00e1s grande y convocante de la Argentina, posicionada entre las tres primeras de su tipo a nivel mundial.<\/p>\n\n\n\n<p>Con 32 a\u00f1os de trayectoria, re\u00fane a 900 expositores y a 270.000 visitantes provenientes de todas las provincias y de m\u00e1s de 24 pa\u00edses.<\/p>\n\n\n\n<p>Sobre un predio de 60 hect\u00e1reas, participan expositores de metalmec\u00e1nica, energ\u00eda, agtech, ganader\u00eda, aeronavegaci\u00f3n, infraestructura, automotrices, servicios, desarrolladores inmobiliarios y entidades bancarias; consolid\u00e1ndose como el principal punto de encuentro del ecosistema agropecuario nacional.<\/p>\n\n\n\n<p>Este a\u00f1o se realizar\u00e1 del 3 al 6 de junio \u2013 Armstrong, Santa Fe. M\u00e1s informaci\u00f3n:&nbsp;agroactiva.com<\/p>\n\n\n\n<p class=\"has-text-align-center\"><strong>CURSO DE POSTGRADO EN AGRONEGOCIOS 2026<\/strong><br>TODAVIA ESTAS A TIEMPO<\/p>\n\n\n\n<figure class=\"wp-block-image size-large\"><img loading=\"lazy\" decoding=\"async\" width=\"1024\" height=\"232\" src=\"https:\/\/www.agroeducacion.com\/website\/wp-content\/uploads\/2026\/04\/143fda63-b643-412d-491a-511cff69d93f-1024x232.gif\" alt=\"\" class=\"wp-image-25836\" srcset=\"https:\/\/www.agroeducacion.com\/website\/wp-content\/uploads\/2026\/04\/143fda63-b643-412d-491a-511cff69d93f-1024x232.gif 1024w, https:\/\/www.agroeducacion.com\/website\/wp-content\/uploads\/2026\/04\/143fda63-b643-412d-491a-511cff69d93f-300x68.gif 300w, https:\/\/www.agroeducacion.com\/website\/wp-content\/uploads\/2026\/04\/143fda63-b643-412d-491a-511cff69d93f-768x174.gif 768w\" sizes=\"auto, (max-width: 1024px) 100vw, 1024px\" \/><\/figure>\n","protected":false},"excerpt":{"rendered":"<p>En el marco de AgroActiva 2026, se abre una nueva oportunidad de formaci\u00f3n para quienes buscan profesionalizarse y proyectarse en el sector agropecuario. AgroActiva, en alianza con AgroEducaci\u00f3n, anuncia el lanzamiento de un sorteo que otorgar\u00e1 una beca para el Postgrado en Agronegocios 2026, una propuesta acad\u00e9mica orientada a potenciar el desarrollo profesional dentro del &hellip;<\/p>\n","protected":false},"author":207,"featured_media":25901,"comment_status":"open","ping_status":"open","sticky":false,"template":"","format":"standard","meta":{"footnotes":""},"categories":[76,81,87],"tags":[],"class_list":["post-25899","post","type-post","status-publish","format-standard","has-post-thumbnail","hentry","category-capacitacion","category-destacados","category-novedades"],"amp_enabled":true,"_links":{"self":[{"href":"https:\/\/www.agroeducacion.com\/website\/wp-json\/wp\/v2\/posts\/25899","targetHints":{"allow":["GET"]}}],"collection":[{"href":"https:\/\/www.agroeducacion.com\/website\/wp-json\/wp\/v2\/posts"}],"about":[{"href":"https:\/\/www.agroeducacion.com\/website\/wp-json\/wp\/v2\/types\/post"}],"author":[{"embeddable":true,"href":"https:\/\/www.agroeducacion.com\/website\/wp-json\/wp\/v2\/users\/207"}],"replies":[{"embeddable":true,"href":"https:\/\/www.agroeducacion.com\/website\/wp-json\/wp\/v2\/comments?post=25899"}],"version-history":[{"count":1,"href":"https:\/\/www.agroeducacion.com\/website\/wp-json\/wp\/v2\/posts\/25899\/revisions"}],"predecessor-version":[{"id":25902,"href":"https:\/\/www.agroeducacion.com\/website\/wp-json\/wp\/v2\/posts\/25899\/revisions\/25902"}],"wp:featuredmedia":[{"embeddable":true,"href":"https:\/\/www.agroeducacion.com\/website\/wp-json\/wp\/v2\/media\/25901"}],"wp:attachment":[{"href":"https:\/\/www.agroeducacion.com\/website\/wp-json\/wp\/v2\/media?parent=25899"}],"wp:term":[{"taxonomy":"category","embeddable":true,"href":"https:\/\/www.agroeducacion.com\/website\/wp-json\/wp\/v2\/categories?post=25899"},{"taxonomy":"post_tag","embeddable":true,"href":"https:\/\/www.agroeducacion.com\/website\/wp-json\/wp\/v2\/tags?post=25899"}],"curies":[{"name":"wp","href":"https:\/\/api.w.org\/{rel}","templated":true}]}}