{"id":25881,"date":"2026-04-27T08:37:41","date_gmt":"2026-04-27T11:37:41","guid":{"rendered":"https:\/\/www.agroeducacion.com\/website\/?p=25881"},"modified":"2026-04-27T09:43:28","modified_gmt":"2026-04-27T12:43:28","slug":"estamos-mal-pero-vamos-bien","status":"publish","type":"post","link":"https:\/\/www.agroeducacion.com\/website\/estamos-mal-pero-vamos-bien\/","title":{"rendered":"ESTAMOS MAL, \u00bfPERO VAMOS BIEN?"},"content":{"rendered":"\n<figure class=\"wp-block-image size-full is-resized\"><img loading=\"lazy\" decoding=\"async\" width=\"800\" height=\"450\" src=\"https:\/\/www.agroeducacion.com\/website\/wp-content\/uploads\/2026\/04\/image-15.png\" alt=\"\" class=\"wp-image-25882\" style=\"width:840px;height:auto\" srcset=\"https:\/\/www.agroeducacion.com\/website\/wp-content\/uploads\/2026\/04\/image-15.png 800w, https:\/\/www.agroeducacion.com\/website\/wp-content\/uploads\/2026\/04\/image-15-300x169.png 300w, https:\/\/www.agroeducacion.com\/website\/wp-content\/uploads\/2026\/04\/image-15-768x432.png 768w, https:\/\/www.agroeducacion.com\/website\/wp-content\/uploads\/2026\/04\/image-15-390x220.png 390w\" sizes=\"auto, (max-width: 800px) 100vw, 800px\" \/><\/figure>\n\n\n\n<p><strong>Por Mauro Cognetta | Global Focus Investments<\/strong> <strong>y Docente de Agroeducaci\u00f3n<\/strong><\/p>\n\n\n\n<p><strong>C\u00f3mo est\u00e1 la macro<\/strong><\/p>\n\n\n\n<p>La econom\u00eda muestra variaciones en sus distintos sectores de una forma dicot\u00f3mica, algunos las describen como en forma de \u201cK\u201d.<\/p>\n\n\n\n<p>Sectores como Miner\u00eda, Oil &amp; Gas, Agricultura e Intermediaci\u00f3n Financiera presentan buen desempe\u00f1o, pero s\u00f3lo tienen una participaci\u00f3n en el empleo del 9% en su conjunto.<\/p>\n\n\n\n<p>En tanto que Industria Manufacturera, Comercio y Construcci\u00f3n est\u00e1n en ca\u00edda, participando en el empleo en 45%.<\/p>\n\n\n\n<p>A su vez, los salarios reales siguen estancados o directamente en ca\u00edda.<\/p>\n\n\n\n<p>Sin dudas que eliminar la emisi\u00f3n monetaria y el d\u00e9ficit fiscal era necesario, pero no suficiente. Al parecer \u201cordenar la macro\u201d y que la micro se arregle sola es algo m\u00e1s complejo de lo que se lo subestim\u00f3.<\/p>\n\n\n\n<p>El equipo econ\u00f3mico pensaba que la desinflaci\u00f3n iba a ser la carta ganadora para mejorar los salarios reales, y ciertamente lo fue. Pero eso se revirti\u00f3 con la suba de precios de los \u00faltimos meses.<\/p>\n\n\n\n<p>Lo cierto es que el Gobierno es consciente de esta situaci\u00f3n y ciertos cambios en su accionar parecen indicar de que el rumbo podr\u00eda ser correcto.<\/p>\n\n\n\n<p>De un modo \u201cmotosierra\u201d, no comprar D\u00f3lares en la cosecha gruesa pasada y el error de la eliminaci\u00f3n del corredor de tasas, a la situaci\u00f3n actual de acumulaci\u00f3n y de nuevamente encausar la volatilidad de los tipos de inter\u00e9s.<\/p>\n\n\n\n<p><strong>Panorama financiero<\/strong><\/p>\n\n\n\n<p>La tasa \u201covernight\u201d o a 1 D\u00eda (Cauci\u00f3n) est\u00e1 fuertemente negativa en -15% en funci\u00f3n a la inflaci\u00f3n esperada.<\/p>\n\n\n\n<p>El spread de tasas para las empresas se redujo fuertemente, pero para los consumidores contin\u00faa al alza (efecto mora).<\/p>\n\n\n\n<p>El Gobierno busca que la baja de tasas pasivas se transmita a las activas, impulsando el cr\u00e9dito y reduciendo la mora, pero esto no resulta algo sencillo y r\u00e1pido de llevar a cabao.<\/p>\n\n\n\n<p>Otro error cometido que lentamente tambi\u00e9n van desarmando, fue haber instaurado un sistema de encajes de cumplimientos diarios, en vez de promedio mensual. Esto provoca un \u201cimpuesto a la intermediaci\u00f3n financiera\u201d, que sencillamente complica la disminuci\u00f3n del spread y dificulta a\u00fan m\u00e1s la reducci\u00f3n de las tasas activas.<\/p>\n\n\n\n<hr class=\"wp-block-separator has-alpha-channel-opacity\"\/>\n\n\n\n<p class=\"has-text-align-center\"><strong>\u2193 ALTERNATIVAS DE INVERSION \u2193<\/strong><br>VIERNES 15 DE MAYO &#8211; 14 HS | MAURO COGNETTA<\/p>\n\n\n\n<figure class=\"wp-block-image size-large\"><a href=\"https:\/\/www.agroeducacion.com\/website\/alternativas-de-inversion\/\"><img loading=\"lazy\" decoding=\"async\" width=\"1920\" height=\"350\" src=\"https:\/\/www.agroeducacion.com\/website\/wp-content\/uploads\/2026\/04\/ezgif.com-animated-gif-maker-2026-04-27T090810.131.gif\" alt=\"\" class=\"wp-image-25892\"\/><\/a><\/figure>\n\n\n\n<hr class=\"wp-block-separator has-alpha-channel-opacity\"\/>\n\n\n\n<p><strong>\u00bfC\u00f3mo nos posicionamos?<\/strong><\/p>\n\n\n\n<p>En cuanto al Tipo de Cambio, en el corto plazo podr\u00edamos continuar con una apreciaci\u00f3n del TC. Pasada la cosecha, podr\u00eda comenzar a haber cierta presi\u00f3n al alza.<\/p>\n\n\n\n<p>De mantenerse este ritmo de comprar de D\u00f3lares por parte del BCRA, los soberanos en D\u00f3lares son una alternativa posible, m\u00e1s a\u00fan ante una escasa oferta de emisiones corporativas.<\/p>\n\n\n\n<p>Seguimos viendo valores de tasas de inter\u00e9s bajas en el corto plazo, con cierta presi\u00f3n a las tasas reales en el segundo semestre. Por lo tanto lo que sea manejo de excedentes no tan cortos, estirar duration en la curva CER a vencimientos de 2027 en adelante es lo aconsejado para captar esos rendimientos reales positivos.<\/p>\n\n\n\n<p>Los break evens y el REM marcan un pico en esta inflaci\u00f3n mensual, en franco descenso de aqu\u00ed a findes del a\u00f1o.rivers para una compresi\u00f3n adicional en la curva de tasa fija.<\/p>\n\n\n\n<p>En un contexto donde todo parece contradictorio \u2014 la diferencia no est\u00e1 en adivinar el futuro, sino en entender el presente.<br>Porque en el agro, decidir mejor no es una opci\u00f3n y formarte es lo que te permite pasar de reaccionar a anticiparte.<\/p>\n\n\n\n<p><strong><strong><strong><strong><strong>Por Mauro Cognetta | Global Focus Investments<\/strong> <strong>y Docente de Agroeducaci\u00f3n<\/strong><\/strong><\/strong><\/strong><\/strong><\/p>\n\n\n\n<p class=\"has-text-align-center\">\u2193 CURSO DE POSTGRADO EN AGRONEGOCIOS 2026 \u2193<br>Inicio 30 de Abril &#8211; El Momento es Ahora &#8211;<\/p>\n\n\n\n<figure class=\"wp-block-image size-large\"><img loading=\"lazy\" decoding=\"async\" width=\"1024\" height=\"231\" src=\"https:\/\/www.agroeducacion.com\/website\/wp-content\/uploads\/2026\/04\/ezgif.com-animated-gif-maker-2026-04-22T102613.438-1024x231.gif\" alt=\"\" class=\"wp-image-25866\" srcset=\"https:\/\/www.agroeducacion.com\/website\/wp-content\/uploads\/2026\/04\/ezgif.com-animated-gif-maker-2026-04-22T102613.438-1024x231.gif 1024w, https:\/\/www.agroeducacion.com\/website\/wp-content\/uploads\/2026\/04\/ezgif.com-animated-gif-maker-2026-04-22T102613.438-300x68.gif 300w, https:\/\/www.agroeducacion.com\/website\/wp-content\/uploads\/2026\/04\/ezgif.com-animated-gif-maker-2026-04-22T102613.438-768x174.gif 768w, https:\/\/www.agroeducacion.com\/website\/wp-content\/uploads\/2026\/04\/ezgif.com-animated-gif-maker-2026-04-22T102613.438-1536x347.gif 1536w\" sizes=\"auto, (max-width: 1024px) 100vw, 1024px\" \/><\/figure>\n","protected":false},"excerpt":{"rendered":"<p>Por Mauro Cognetta | Global Focus Investments y Docente de Agroeducaci\u00f3n C\u00f3mo est\u00e1 la macro La econom\u00eda muestra variaciones en sus distintos sectores de una forma dicot\u00f3mica, algunos las describen como en forma de \u201cK\u201d. Sectores como Miner\u00eda, Oil &amp; Gas, Agricultura e Intermediaci\u00f3n Financiera presentan buen desempe\u00f1o, pero s\u00f3lo tienen una participaci\u00f3n en el &hellip;<\/p>\n","protected":false},"author":207,"featured_media":25882,"comment_status":"open","ping_status":"open","sticky":false,"template":"","format":"standard","meta":{"footnotes":""},"categories":[81,72,87],"tags":[],"class_list":["post-25881","post","type-post","status-publish","format-standard","has-post-thumbnail","hentry","category-destacados","category-finanzas","category-novedades"],"amp_enabled":true,"_links":{"self":[{"href":"https:\/\/www.agroeducacion.com\/website\/wp-json\/wp\/v2\/posts\/25881","targetHints":{"allow":["GET"]}}],"collection":[{"href":"https:\/\/www.agroeducacion.com\/website\/wp-json\/wp\/v2\/posts"}],"about":[{"href":"https:\/\/www.agroeducacion.com\/website\/wp-json\/wp\/v2\/types\/post"}],"author":[{"embeddable":true,"href":"https:\/\/www.agroeducacion.com\/website\/wp-json\/wp\/v2\/users\/207"}],"replies":[{"embeddable":true,"href":"https:\/\/www.agroeducacion.com\/website\/wp-json\/wp\/v2\/comments?post=25881"}],"version-history":[{"count":6,"href":"https:\/\/www.agroeducacion.com\/website\/wp-json\/wp\/v2\/posts\/25881\/revisions"}],"predecessor-version":[{"id":25897,"href":"https:\/\/www.agroeducacion.com\/website\/wp-json\/wp\/v2\/posts\/25881\/revisions\/25897"}],"wp:featuredmedia":[{"embeddable":true,"href":"https:\/\/www.agroeducacion.com\/website\/wp-json\/wp\/v2\/media\/25882"}],"wp:attachment":[{"href":"https:\/\/www.agroeducacion.com\/website\/wp-json\/wp\/v2\/media?parent=25881"}],"wp:term":[{"taxonomy":"category","embeddable":true,"href":"https:\/\/www.agroeducacion.com\/website\/wp-json\/wp\/v2\/categories?post=25881"},{"taxonomy":"post_tag","embeddable":true,"href":"https:\/\/www.agroeducacion.com\/website\/wp-json\/wp\/v2\/tags?post=25881"}],"curies":[{"name":"wp","href":"https:\/\/api.w.org\/{rel}","templated":true}]}}