{"id":25361,"date":"2026-01-27T14:54:17","date_gmt":"2026-01-27T17:54:17","guid":{"rendered":"https:\/\/www.agroeducacion.com\/website\/?p=25361"},"modified":"2026-02-13T10:31:06","modified_gmt":"2026-02-13T13:31:06","slug":"como-construir-margen-desde-la-tesoreria-2","status":"publish","type":"post","link":"https:\/\/www.agroeducacion.com\/website\/como-construir-margen-desde-la-tesoreria-2\/","title":{"rendered":"Clase Abierta Sin Cargo: Analisis Macro y Financiero para la Campa\u00f1a 2026"},"content":{"rendered":"\n<figure class=\"wp-block-image size-large\"><img loading=\"lazy\" decoding=\"async\" width=\"1024\" height=\"576\" src=\"https:\/\/www.agroeducacion.com\/website\/wp-content\/uploads\/2026\/01\/Mesa-de-trabajo-1-copia-12-1024x576.png\" alt=\"\" class=\"wp-image-25468\" srcset=\"https:\/\/www.agroeducacion.com\/website\/wp-content\/uploads\/2026\/01\/Mesa-de-trabajo-1-copia-12-1024x576.png 1024w, https:\/\/www.agroeducacion.com\/website\/wp-content\/uploads\/2026\/01\/Mesa-de-trabajo-1-copia-12-300x169.png 300w, https:\/\/www.agroeducacion.com\/website\/wp-content\/uploads\/2026\/01\/Mesa-de-trabajo-1-copia-12-768x432.png 768w, https:\/\/www.agroeducacion.com\/website\/wp-content\/uploads\/2026\/01\/Mesa-de-trabajo-1-copia-12-1536x864.png 1536w, https:\/\/www.agroeducacion.com\/website\/wp-content\/uploads\/2026\/01\/Mesa-de-trabajo-1-copia-12-2048x1152.png 2048w, https:\/\/www.agroeducacion.com\/website\/wp-content\/uploads\/2026\/01\/Mesa-de-trabajo-1-copia-12-390x220.png 390w\" sizes=\"auto, (max-width: 1024px) 100vw, 1024px\" \/><\/figure>\n\n\n\n<p>\u2022&nbsp;El a\u00f1o 2026 promete ser un a\u00f1o donde el \u00abPxQ\u00bb &#8211; precios de las materias primas y vol\u00famenes de producci\u00f3n- ser\u00e1n aceptablemente bueno, lluvias de lo que resta del verano mediante.<\/p>\n\n\n\n<p>\u2022&nbsp;Pero como contraste con lo anterior, el cr\u00e9dito financiero y burs\u00e1til para el agro se ha puesto muy selectivo (adem\u00e1s de caro). Y el cr\u00e9dito es un insumo tan b\u00e1sico como la tierra o el agua, muy necesario para que las empresas puedan desarrollar su negocio.<\/p>\n\n\n\n<p>\u2022&nbsp;La nueva macro con el Gobierno de LLA acomod\u00f3 inflaci\u00f3n y cuentas p\u00fablicas y cuando eso sucede los m\u00e1rgenes de la econom\u00eda real tienden a la baja. No bajan los riesgos, pero s\u00ed los m\u00e1rgenes.<\/p>\n\n\n\n<p>\u2022&nbsp;Hay que leer correctamente el contexto, entender que el apalancamiento come buena parte de la renta agr\u00edcola, y que el negocio queda muy fino como para errar diagn\u00f3stico o trabajar con altos niveles de endeudamiento para financiar capital de trabajo.<\/p>\n\n\n\n<p>\u2022&nbsp;En la clase abierta del Curso&nbsp;e&nbsp;Postgrado de Agronegocios del pr\u00f3ximo Mi\u00e9rcoles 11 de Febrero vamos a desarrollar \u00e9sta tem\u00e1tica en forma directa y con sentido muy pr\u00e1ctico para que los asistentes puedan revisar situaci\u00f3n espec\u00edfica puertas adentro de sus empresas.<\/p>\n\n\n\n<h3 class=\"wp-block-heading\">Docente a cargo<\/h3>\n\n\n\n<div class=\"wp-block-media-text is-stacked-on-mobile\" style=\"grid-template-columns:17% auto\"><figure class=\"wp-block-media-text__media\"><img loading=\"lazy\" decoding=\"async\" width=\"835\" height=\"834\" src=\"https:\/\/www.agroeducacion.com\/website\/wp-content\/uploads\/2025\/10\/Mesa-de-trabajo-4.png\" alt=\"\" class=\"wp-image-24901 size-full\" srcset=\"https:\/\/www.agroeducacion.com\/website\/wp-content\/uploads\/2025\/10\/Mesa-de-trabajo-4.png 835w, https:\/\/www.agroeducacion.com\/website\/wp-content\/uploads\/2025\/10\/Mesa-de-trabajo-4-300x300.png 300w, https:\/\/www.agroeducacion.com\/website\/wp-content\/uploads\/2025\/10\/Mesa-de-trabajo-4-150x150.png 150w, https:\/\/www.agroeducacion.com\/website\/wp-content\/uploads\/2025\/10\/Mesa-de-trabajo-4-768x767.png 768w\" sizes=\"auto, (max-width: 835px) 100vw, 835px\" \/><\/figure><div class=\"wp-block-media-text__content\">\n<p><strong>Diego Palomeque<\/strong> \u2013<br>Director de AgroEducaci\u00f3n<\/p>\n<\/div><\/div>\n\n\n\n<hr class=\"wp-block-separator has-alpha-channel-opacity\"\/>\n\n\n\n<p class=\"has-text-align-center\" style=\"font-size:15px\">Al finalizar la clase, vamos a contar brevemente de qu\u00e9 se trata el Postgrado en Agronegocios, su enfoque, modalidad y objetivos, y vamos a destinar un espacio para responder preguntas de quienes est\u00e9n evaluando sumarse.<\/p>\n\n\n\n<figure class=\"wp-block-image size-large\"><img loading=\"lazy\" decoding=\"async\" width=\"1920\" height=\"305\" src=\"https:\/\/www.agroeducacion.com\/website\/wp-content\/uploads\/2026\/01\/ezgif.com-animated-gif-maker-75.gif\" alt=\"\" class=\"wp-image-25426\"\/><\/figure>\n\n\n\n<hr class=\"wp-block-separator has-alpha-channel-opacity\"\/>\n\n\n\n<h2 class=\"wp-block-heading\"><strong>Metodolog\u00eda de Cursado<\/strong><\/h2>\n\n\n\n<p><strong>A distancia en Diferido:<\/strong>&nbsp;Grabaci\u00f3n de la clase para ver en otro momento, cu\u00e1ndo y d\u00f3nde quieras.<br>Disponible en la plataforma de alumno, 24 hs. despu\u00e9s del curso durante 4 meses sin l\u00edmites de entrada.<\/p>\n\n\n\n<p><strong>La modalidad en diferido es para todos los alumnos inscriptos al curso independientemente que hayan participado presencialmente, a distancia o lo tomen directamente en diferido.<\/strong><\/p>\n\n\n\n<p><\/p>\n\n\n\n<p><strong>Para inscripciones<\/strong>&nbsp;segu\u00ed los pasos de inscripci\u00f3n, en caso de tener alguna consulta o duda<br>comun\u00edcate con nuestro equipo de Agroeducaci\u00f3n:<br>Cursos y Conferencias: Paloma \u2013 info@agroeducacion.com \u2013 WA. +54 9 341 5593990<br>Administraci\u00f3n: Gilda\u2013 administraci\u00f3n@agroeducacion.com<\/p>\n\n\n\n<div class=\"wp-block-columns is-layout-flex wp-container-core-columns-is-layout-9d6595d7 wp-block-columns-is-layout-flex\">\n<div class=\"wp-block-column is-layout-flow wp-block-column-is-layout-flow\" style=\"flex-basis:100%\">\n<div class=\"wp-block-buttons is-layout-flex wp-block-buttons-is-layout-flex\">\n<div class=\"wp-block-button has-custom-width wp-block-button__width-100\"><a class=\"wp-block-button__link has-background has-medium-font-size has-custom-font-size wp-element-button\" href=\"https:\/\/agroeducacion.lookingfortrouble.ai\/inscription\/clase-abierta-palomeque-2026\" style=\"border-radius:12px;background-color:#142d96\"><strong>INSCRIPCION SIN CARGO<\/strong><\/a><\/div>\n<\/div>\n<\/div>\n<\/div>\n\n\n\n<hr class=\"wp-block-separator has-css-opacity\"\/>\n\n\n\n<p><\/p>\n","protected":false},"excerpt":{"rendered":"<p>\u2022&nbsp;El a\u00f1o 2026 promete ser un a\u00f1o donde el \u00abPxQ\u00bb &#8211; precios de las materias primas y vol\u00famenes de producci\u00f3n- ser\u00e1n aceptablemente bueno, lluvias de lo que resta del verano mediante. \u2022&nbsp;Pero como contraste con lo anterior, el cr\u00e9dito financiero y burs\u00e1til para el agro se ha puesto muy selectivo (adem\u00e1s de caro). Y el &hellip;<\/p>\n","protected":false},"author":207,"featured_media":25468,"comment_status":"open","ping_status":"open","sticky":false,"template":"","format":"standard","meta":{"footnotes":""},"categories":[66,15],"tags":[],"class_list":["post-25361","post","type-post","status-publish","format-standard","has-post-thumbnail","hentry","category-cursos","category-proximos-cursos"],"amp_enabled":true,"_links":{"self":[{"href":"https:\/\/www.agroeducacion.com\/website\/wp-json\/wp\/v2\/posts\/25361","targetHints":{"allow":["GET"]}}],"collection":[{"href":"https:\/\/www.agroeducacion.com\/website\/wp-json\/wp\/v2\/posts"}],"about":[{"href":"https:\/\/www.agroeducacion.com\/website\/wp-json\/wp\/v2\/types\/post"}],"author":[{"embeddable":true,"href":"https:\/\/www.agroeducacion.com\/website\/wp-json\/wp\/v2\/users\/207"}],"replies":[{"embeddable":true,"href":"https:\/\/www.agroeducacion.com\/website\/wp-json\/wp\/v2\/comments?post=25361"}],"version-history":[{"count":8,"href":"https:\/\/www.agroeducacion.com\/website\/wp-json\/wp\/v2\/posts\/25361\/revisions"}],"predecessor-version":[{"id":25492,"href":"https:\/\/www.agroeducacion.com\/website\/wp-json\/wp\/v2\/posts\/25361\/revisions\/25492"}],"wp:featuredmedia":[{"embeddable":true,"href":"https:\/\/www.agroeducacion.com\/website\/wp-json\/wp\/v2\/media\/25468"}],"wp:attachment":[{"href":"https:\/\/www.agroeducacion.com\/website\/wp-json\/wp\/v2\/media?parent=25361"}],"wp:term":[{"taxonomy":"category","embeddable":true,"href":"https:\/\/www.agroeducacion.com\/website\/wp-json\/wp\/v2\/categories?post=25361"},{"taxonomy":"post_tag","embeddable":true,"href":"https:\/\/www.agroeducacion.com\/website\/wp-json\/wp\/v2\/tags?post=25361"}],"curies":[{"name":"wp","href":"https:\/\/api.w.org\/{rel}","templated":true}]}}