{"id":25230,"date":"2025-12-09T08:56:41","date_gmt":"2025-12-09T11:56:41","guid":{"rendered":"https:\/\/www.agroeducacion.com\/website\/?p=25230"},"modified":"2025-12-09T08:56:44","modified_gmt":"2025-12-09T11:56:44","slug":"el-2026-sera-el-ano-de-los-activos-de-riesgo","status":"publish","type":"post","link":"https:\/\/www.agroeducacion.com\/website\/el-2026-sera-el-ano-de-los-activos-de-riesgo\/","title":{"rendered":"El 2026 ser\u00e1 el a\u00f1o de los activos de riesgo"},"content":{"rendered":"\n<figure class=\"wp-block-image size-large\"><img loading=\"lazy\" decoding=\"async\" width=\"1024\" height=\"683\" src=\"https:\/\/www.agroeducacion.com\/website\/wp-content\/uploads\/2025\/12\/image-2-1024x683.png\" alt=\"\" class=\"wp-image-25231\" srcset=\"https:\/\/www.agroeducacion.com\/website\/wp-content\/uploads\/2025\/12\/image-2-1024x683.png 1024w, https:\/\/www.agroeducacion.com\/website\/wp-content\/uploads\/2025\/12\/image-2-300x200.png 300w, https:\/\/www.agroeducacion.com\/website\/wp-content\/uploads\/2025\/12\/image-2-768x512.png 768w, https:\/\/www.agroeducacion.com\/website\/wp-content\/uploads\/2025\/12\/image-2.png 1536w\" sizes=\"auto, (max-width: 1024px) 100vw, 1024px\" \/><\/figure>\n\n\n\n<p><strong>Por Salvador Di Stefano | Director de AgroEducaci\u00f3n<\/strong><\/p>\n\n\n\n<p>La tasa en Estados Unidos podr\u00eda tener una baja pronunciada, Argentina se ver\u00eda beneficiada por partida doble, suba de materias primas y baja de riesgo pa\u00eds.<\/p>\n\n\n\n<p>Los mercados mundiales mostraran un cambio estructural en los mercados emergentes, la Reserva Federal continuar\u00e1 con un sendero a la baja de los tipos de inter\u00e9s, que impulsar\u00e1 el precio de las materias primas y el riesgo emergente se ubicar\u00e1 en niveles extraordinariamente bajos.<\/p>\n\n\n\n<p>El presidente Donald Trump ha nominado como pr\u00f3ximo presidente de la Reserva Federal a Kevin Hassett, cuyo pensamiento se alinea con las ideas del oficialismo, ya que pregona tasas m\u00e1s bajas, priorizando actividad y crecimiento, y es proclive a desregular profundamente la econom\u00eda.<\/p>\n\n\n\n<p>Con un escenario de tasas bajas en el 2026, no deber\u00eda resultar extra\u00f1o que las materias primas alcancen valores superiores a los actuales, y esto beneficia a la Rep\u00fablica Argentina, que puntualmente en el plano agr\u00edcola est\u00e1 ante la presencia de una cosecha r\u00e9cord. Esto implicar\u00eda que llegar\u00edan m\u00e1s d\u00f3lares al pa\u00eds, lo que seria una preocupaci\u00f3n menos para el gobierno.\u00a0<\/p>\n\n\n\n<p>No debemos pasar por alto el precio del petr\u00f3leo y el gas, en especial este \u00faltimo que en la semana super\u00f3 los U$S 5,0 el mill\u00f3n del BTU, precio que es sumamente atractivo y que potencia los desarrollos energ\u00e9ticos en Argentina.<\/p>\n\n\n\n<p>En el plano local, las principales consultoras de la Argentina proyectaron indicadores financieros a un a\u00f1o, la media de las consultoras ven para los pr\u00f3ximos 12 meses una inflaci\u00f3n en 21,3%, una tasa de devaluaci\u00f3n en el 16,1% y una inflaci\u00f3n en d\u00f3lares del 4,5%, mientras que el tipo de cambio se ubicar\u00eda en $1.683, esto implica que se ubicar\u00e1 dentro de las bandas predeterminadas por el Banco Central, ya que al 30 de noviembre del a\u00f1o 2026 la banda superior se ubicar\u00eda en $1.701.<\/p>\n\n\n\n<p>Los pron\u00f3sticos del Relevamiento de Expectativa de Mercado se caracterizaron por estar siempre por encima de la realidad, con lo cual no descartamos que la inflaci\u00f3n se ubique por debajo de dicha marca, y lo mismo podr\u00eda ocurrir con el tipo de cambio, por ende, somos muy optimistas con lo que suceda en materia econ\u00f3mica en el a\u00f1o 2026.<\/p>\n\n\n\n<p>Las proyecciones de comercio exterior auguran exportaciones por U$S 90.320 millones e importaciones por U$S 81.614 millones, lo que dar\u00eda un saldo de balanza comercial de U$S 8.706 millones. Las proyecciones de crecimiento ser\u00edan del 3,4% y el resultado fiscal primario de $15.157 millones.\u00a0<\/p>\n\n\n\n<p>El mercado de capitales esta descontando muy buenas expectativas para el a\u00f1o 2026, CABA coloc\u00f3 un bono a 7 a\u00f1os a una tasa del 7,8% por un monto de U$S 600 millones. La provincia de C\u00f3rdoba coloc\u00f3 un bono a 7 a\u00f1os por U$S 725 millones a una tasa del 9,75% anual. La provincia de Santa Fe acaba de colocar un bono a 9 a\u00f1os, por U$S 800 millones a una tasa del 8,1% anual.<\/p>\n\n\n\n<p>Es muy loco, pero los estados subnacionales y las empresas colocan bonos a tasas inferiores a los rendimientos de los bonos nacionales. Por ejemplo, el bono AL35 que vence dentro de 10 a\u00f1os rinde el 10,1% anual, esto implica que estamos ante un escenario de suba de los bonos nacionales o ca\u00edda de los bonos de los Estados Subnacionales, creo que me inclino por la primera afirmaci\u00f3n.\u00a0<\/p>\n\n\n\n<p>Esta semana la tasa en pesos volvi\u00f3 a mostrar una baja importante, por ende, todos los caminos conducen a la acciones.\u00a0<\/p>\n\n\n\n<p><strong>Conclusi\u00f3n<\/strong><\/p>\n\n\n\n<p>.- Creemos que la inversi\u00f3n en activos de riesgo es la mejor alternativa en momentos en donde la tasa a nivel mundial y local tomar\u00e1n un sendero bajista.<\/p>\n\n\n\n<p>.- En materia de bonos en d\u00f3lares, creemos que los bonos m\u00e1s largos son la mejor alternativa, no descartemos que en breve Argentina salga a colocar deuda en el mercado de cr\u00e9dito.<\/p>\n\n\n\n<p>.- En acciones, seguimos de cerca muchas acciones, pero el tridente ofensivo esta formado por las energ\u00e9ticas, con VISTA por la derecha, PAMPA por la izquierda e YPF con el n\u00famero 9 en la espalda. El armador de esta delantera con el 10 en la camiseta es Mercado Libre, que sigue sorprendiendo con buenos resultados.&nbsp;<\/p>\n\n\n\n<p>.- Lo venimos planteando hace tiempo, las acciones y bonos son la mejor inversi\u00f3n del momento, y para el a\u00f1o 2026 los mercados mundiales, y en especial Argentina dejar\u00e1n grandes utilidades a los inversores.&nbsp;<\/p>\n\n\n\n<p><strong>Por Salvador Di Stefano | Director de AgroEducaci\u00f3n<\/strong><\/p>\n","protected":false},"excerpt":{"rendered":"<p>Por Salvador Di Stefano | Director de AgroEducaci\u00f3n La tasa en Estados Unidos podr\u00eda tener una baja pronunciada, Argentina se ver\u00eda beneficiada por partida doble, suba de materias primas y baja de riesgo pa\u00eds. Los mercados mundiales mostraran un cambio estructural en los mercados emergentes, la Reserva Federal continuar\u00e1 con un sendero a la baja &hellip;<\/p>\n","protected":false},"author":207,"featured_media":25231,"comment_status":"open","ping_status":"open","sticky":false,"template":"","format":"standard","meta":{"footnotes":""},"categories":[81,14,87],"tags":[],"class_list":["post-25230","post","type-post","status-publish","format-standard","has-post-thumbnail","hentry","category-destacados","category-economia","category-novedades"],"amp_enabled":true,"_links":{"self":[{"href":"https:\/\/www.agroeducacion.com\/website\/wp-json\/wp\/v2\/posts\/25230","targetHints":{"allow":["GET"]}}],"collection":[{"href":"https:\/\/www.agroeducacion.com\/website\/wp-json\/wp\/v2\/posts"}],"about":[{"href":"https:\/\/www.agroeducacion.com\/website\/wp-json\/wp\/v2\/types\/post"}],"author":[{"embeddable":true,"href":"https:\/\/www.agroeducacion.com\/website\/wp-json\/wp\/v2\/users\/207"}],"replies":[{"embeddable":true,"href":"https:\/\/www.agroeducacion.com\/website\/wp-json\/wp\/v2\/comments?post=25230"}],"version-history":[{"count":1,"href":"https:\/\/www.agroeducacion.com\/website\/wp-json\/wp\/v2\/posts\/25230\/revisions"}],"predecessor-version":[{"id":25232,"href":"https:\/\/www.agroeducacion.com\/website\/wp-json\/wp\/v2\/posts\/25230\/revisions\/25232"}],"wp:featuredmedia":[{"embeddable":true,"href":"https:\/\/www.agroeducacion.com\/website\/wp-json\/wp\/v2\/media\/25231"}],"wp:attachment":[{"href":"https:\/\/www.agroeducacion.com\/website\/wp-json\/wp\/v2\/media?parent=25230"}],"wp:term":[{"taxonomy":"category","embeddable":true,"href":"https:\/\/www.agroeducacion.com\/website\/wp-json\/wp\/v2\/categories?post=25230"},{"taxonomy":"post_tag","embeddable":true,"href":"https:\/\/www.agroeducacion.com\/website\/wp-json\/wp\/v2\/tags?post=25230"}],"curies":[{"name":"wp","href":"https:\/\/api.w.org\/{rel}","templated":true}]}}