{"id":24979,"date":"2025-10-20T08:28:55","date_gmt":"2025-10-20T11:28:55","guid":{"rendered":"https:\/\/www.agroeducacion.com\/website\/?p=24979"},"modified":"2025-10-20T10:53:30","modified_gmt":"2025-10-20T13:53:30","slug":"elecciones-en-tus-decisiones","status":"publish","type":"post","link":"https:\/\/www.agroeducacion.com\/website\/elecciones-en-tus-decisiones\/","title":{"rendered":"Elecciones en tus decisiones"},"content":{"rendered":"\n<figure class=\"wp-block-image size-full\"><img loading=\"lazy\" decoding=\"async\" width=\"987\" height=\"555\" src=\"https:\/\/www.agroeducacion.com\/website\/wp-content\/uploads\/2025\/10\/image-11.png\" alt=\"\" class=\"wp-image-24980\" srcset=\"https:\/\/www.agroeducacion.com\/website\/wp-content\/uploads\/2025\/10\/image-11.png 987w, https:\/\/www.agroeducacion.com\/website\/wp-content\/uploads\/2025\/10\/image-11-300x169.png 300w, https:\/\/www.agroeducacion.com\/website\/wp-content\/uploads\/2025\/10\/image-11-768x432.png 768w, https:\/\/www.agroeducacion.com\/website\/wp-content\/uploads\/2025\/10\/image-11-390x220.png 390w\" sizes=\"auto, (max-width: 987px) 100vw, 987px\" \/><\/figure>\n\n\n\n<p><strong>M\u00f3nica Ortolani \u2013 Agrofinanzas &#8211; Docente de AgroEducaci\u00f3n<\/strong><\/p>\n\n\n\n<p>Los mercados dan se\u00f1ales con n\u00fameros concretos. Sin embargo, interpretarlos en verdes para aprovecharlos, o en rojos paraliz\u00e1ndote, se conecta con las propias emociones, que se despiertan ante el recuerdo de las experiencias ya vividas. En una semana especial para los argentinos \u00bfQu\u00e9 \u201celecciones\u201d en tus decisiones de gesti\u00f3n agr\u00edcola est\u00e1s dispuesto a tomar?<\/p>\n\n\n\n<p>\u00bfQu\u00e9 se\u00f1ales dio y sigue dando el mercado?<\/p>\n\n\n\n<p>Miremos la foto y la pel\u00edcula que proyecta las cotizaciones en A3 Mercados, al 17\/10\/2025, en los tres principales cultivos.<\/p>\n\n\n\n<h2 class=\"wp-block-heading\">TRIGO<\/h2>\n\n\n\n<p>Desde lo productivo hacia mucho que la ventanilla de la camioneta no nos devolv\u00eda una imagen tan esperanzadora del grano dorado. As\u00ed nos encaminamos a una <strong>cosecha estimada de 23 M tn<\/strong> de acuerdo a la BCR. De acuerdo al informe PAS de la Bolsa de Cereales de Buenos Aires, casi el 90% mantiene condici\u00f3n buena\/excelente. <strong>Sin embargo, el volumen con precio alcanza a cerca de 2M tn, un 9% del total.<\/strong><\/p>\n\n\n\n<p>Si miramos la tendencia de precios de trigo diciembre\/ marzo\/26 observamos c\u00f3mo se han perdido oportunidades de fijaci\u00f3n a U$s 206 y 211 respectivamente. Los escasos d\u00edas sin retenciones dio oportunidades en valores de alrededor de U$s 195\/202.&nbsp;<\/p>\n\n\n\n<p><strong>Tomando trigo diciembre, en valores de U$s 184, el mercado arrebat\u00f3 del bolsillo del productor U$s22\/tn, quien no pudo dar respuesta a sus se\u00f1ales.<\/strong><\/p>\n\n\n\n<figure class=\"wp-block-image size-full\"><img loading=\"lazy\" decoding=\"async\" width=\"762\" height=\"420\" src=\"https:\/\/www.agroeducacion.com\/website\/wp-content\/uploads\/2025\/10\/image-13.png\" alt=\"\" class=\"wp-image-24982\" srcset=\"https:\/\/www.agroeducacion.com\/website\/wp-content\/uploads\/2025\/10\/image-13.png 762w, https:\/\/www.agroeducacion.com\/website\/wp-content\/uploads\/2025\/10\/image-13-300x165.png 300w\" sizes=\"auto, (max-width: 762px) 100vw, 762px\" \/><\/figure>\n\n\n\n<p>Considerando que por lo general el trigo es el ox\u00edgeno,&nbsp; al que recurre el productor hasta llegar a la gruesa, el mercado lo dej\u00f3 sin aire en alrededor de U$s 528M considerando que adem\u00e1s a\u00fan resta poner precio a 3Mtn de la campa\u00f1a 24\/25.<\/p>\n\n\n\n<p><strong>El gran volumen de cosecha y la escasez de demanda por originar, coloca a los productores en una situaci\u00f3n de vulnerabilidad.&nbsp;<\/strong><\/p>\n\n\n\n<p><strong>Para quienes tienen trigo en stock,&nbsp; y como puede observarse en la tabla siguiente, el mercado a\u00fan reconoce un 8% sobre el FAS. Adem\u00e1s a\u00fan se pueden conseguir mejores tarifas de fletes que en plena recolecci\u00f3n.&nbsp;<\/strong><\/p>\n\n\n\n<p><strong>Considerando que no hay condimentos alcistas, &nbsp; y podr\u00edan potenciarse bajas en momentos de cosecha, el mercado est\u00e1 dando se\u00f1ales de toma de precios.<\/strong><\/p>\n\n\n\n<p><strong>Si bien el trigo marzo permitir\u00eda capitalizar unos U$s 10 \/tn respecto nueva cosecha, evaluar costos de almacenaje y la posibilidad de adquirir activos con mejor tasa futura.<\/strong><\/p>\n\n\n\n<figure class=\"wp-block-image size-full\"><img loading=\"lazy\" decoding=\"async\" width=\"822\" height=\"172\" src=\"https:\/\/www.agroeducacion.com\/website\/wp-content\/uploads\/2025\/10\/image-12.png\" alt=\"\" class=\"wp-image-24981\" srcset=\"https:\/\/www.agroeducacion.com\/website\/wp-content\/uploads\/2025\/10\/image-12.png 822w, https:\/\/www.agroeducacion.com\/website\/wp-content\/uploads\/2025\/10\/image-12-300x63.png 300w, https:\/\/www.agroeducacion.com\/website\/wp-content\/uploads\/2025\/10\/image-12-768x161.png 768w\" sizes=\"auto, (max-width: 822px) 100vw, 822px\" \/><\/figure>\n\n\n\n<hr class=\"wp-block-separator has-alpha-channel-opacity\"\/>\n\n\n\n<p class=\"has-text-align-center\"><strong>\u2193<\/strong> <strong>\u00bfC\u00f3mo Construir Margen desde la Tesorer\u00eda?<\/strong> <strong>\u2193<\/strong><br>VIERNES 24 DE OCTUBRE &#8211; 14 HS | DIEGO PALOMEQUE<\/p>\n\n\n\n<figure class=\"wp-block-image size-large\"><a href=\"https:\/\/www.agroeducacion.com\/website\/finanzas-en-el-agro-para-no-financieros-4\/\"><img loading=\"lazy\" decoding=\"async\" width=\"1920\" height=\"269\" src=\"https:\/\/www.agroeducacion.com\/website\/wp-content\/uploads\/2025\/10\/ezgif.com-animated-gif-maker-49.gif\" alt=\"\" class=\"wp-image-24992\"\/><\/a><\/figure>\n\n\n\n<hr class=\"wp-block-separator has-alpha-channel-opacity\"\/>\n\n\n\n<h2 class=\"wp-block-heading\">MA\u00cdZ<\/h2>\n\n\n\n<p>En ma\u00edz, el productor \u201celigi\u00f3\u201d no poner precio al 49% de la producci\u00f3n 24\/25. <strong>Quedan a la intemperie, sin fijar precio 23,7 Mtn.&nbsp;<\/strong><\/p>\n\n\n\n<p>En el gr\u00e1fico siguiente puede observarse que desde junio.25, el ma\u00edz disponible y diciembre, -sacando la oportunidad que dio el mercado a DEX \u201c0\u201d-, <strong>los valores actuales se encuentran a U$s -3 de sus m\u00e1ximos en ambas posiciones, y hoy se est\u00e1 con mejores condiciones de fletes.<\/strong><\/p>\n\n\n\n<figure class=\"wp-block-image size-large\"><img loading=\"lazy\" decoding=\"async\" width=\"1024\" height=\"446\" src=\"https:\/\/www.agroeducacion.com\/website\/wp-content\/uploads\/2025\/10\/image-17-1024x446.png\" alt=\"\" class=\"wp-image-24986\" srcset=\"https:\/\/www.agroeducacion.com\/website\/wp-content\/uploads\/2025\/10\/image-17-1024x446.png 1024w, https:\/\/www.agroeducacion.com\/website\/wp-content\/uploads\/2025\/10\/image-17-300x131.png 300w, https:\/\/www.agroeducacion.com\/website\/wp-content\/uploads\/2025\/10\/image-17-768x335.png 768w, https:\/\/www.agroeducacion.com\/website\/wp-content\/uploads\/2025\/10\/image-17.png 1482w\" sizes=\"auto, (max-width: 1024px) 100vw, 1024px\" \/><\/figure>\n\n\n\n<figure class=\"wp-block-image size-full\"><img loading=\"lazy\" decoding=\"async\" width=\"821\" height=\"145\" src=\"https:\/\/www.agroeducacion.com\/website\/wp-content\/uploads\/2025\/10\/image-14.png\" alt=\"\" class=\"wp-image-24983\" srcset=\"https:\/\/www.agroeducacion.com\/website\/wp-content\/uploads\/2025\/10\/image-14.png 821w, https:\/\/www.agroeducacion.com\/website\/wp-content\/uploads\/2025\/10\/image-14-300x53.png 300w, https:\/\/www.agroeducacion.com\/website\/wp-content\/uploads\/2025\/10\/image-14-768x136.png 768w\" sizes=\"auto, (max-width: 821px) 100vw, 821px\" \/><\/figure>\n\n\n\n<p><strong>El mercado&nbsp; disponible, reconoce un 11% en pesos sobre el FAS,<\/strong> y desapareci\u00f3 el diferencial atractivo con la posici\u00f3n diciembre, <strong>por lo que es razonable evaluar canjes por insumos aprovechando condiciones especiales, o inversiones de acuerdo a perfil de riesgo que devengue una tasa superior que la devaluaci\u00f3n esperada.&nbsp;<\/strong><\/p>\n\n\n\n<p><strong>El sector exportador ya tiene compras por encima de las DJVE, por lo que no se espera tengamos condimentos alcistas.<\/strong><\/p>\n\n\n\n<p><strong>La abundancia de producci\u00f3n global de ma\u00edz nuevo estimado, donde EE.UU se encamina a aportar un r\u00e9cord hist\u00f3rico de 427Mtn, Brasil 131 Mtn y Argentina hacia unas 58 Mtn, hacen necesario considerar en base al flujo de fondos proyectado y compromisos, fijar\/cubrir precios de cosecha 2025\/26 por un porcentaje de la producci\u00f3n.<\/strong><\/p>\n\n\n\n<h2 class=\"wp-block-heading\">SOJA<\/h2>\n\n\n\n<p><strong>El productor tiene pendiente de fijar precio 15,8 Mtn, un 32% de la cosecha 24\/25.<\/strong><\/p>\n\n\n\n<p>En el siguiente cuadro analizamos la tendencia de <strong>soja disponible y enero\/26.<\/strong><\/p>\n\n\n\n<p>En las dos primeras posiciones se observa el fen\u00f3meno que <strong>la cotizaci\u00f3n actual&nbsp; (U$s 332 \/ U$s 328), se encuentran U$s 30\/U$s 20 por encima de los m\u00e1ximos, sin considerar DEX \u201c0\u201d (U$s 302 \/ U$s308).<\/strong><strong>&nbsp;<\/strong><\/p>\n\n\n\n<p><strong>Los valores actuales \u00f3n a\u00fan siguen siendo atractivos, a\u00fan cuando en el mes se perdieron U$s 18\/tn, aunque a\u00fan estamos en&nbsp; otro escal\u00f3n de precios, y hay que mirar para adelante.<\/strong><\/p>\n\n\n\n<figure class=\"wp-block-image size-full\"><img loading=\"lazy\" decoding=\"async\" width=\"967\" height=\"626\" src=\"https:\/\/www.agroeducacion.com\/website\/wp-content\/uploads\/2025\/10\/image-16.png\" alt=\"\" class=\"wp-image-24984\" srcset=\"https:\/\/www.agroeducacion.com\/website\/wp-content\/uploads\/2025\/10\/image-16.png 967w, https:\/\/www.agroeducacion.com\/website\/wp-content\/uploads\/2025\/10\/image-16-300x194.png 300w, https:\/\/www.agroeducacion.com\/website\/wp-content\/uploads\/2025\/10\/image-16-768x497.png 768w\" sizes=\"auto, (max-width: 967px) 100vw, 967px\" \/><\/figure>\n\n\n\n<figure class=\"wp-block-image size-full\"><img loading=\"lazy\" decoding=\"async\" width=\"827\" height=\"201\" src=\"https:\/\/www.agroeducacion.com\/website\/wp-content\/uploads\/2025\/10\/image-15.png\" alt=\"\" class=\"wp-image-24985\" srcset=\"https:\/\/www.agroeducacion.com\/website\/wp-content\/uploads\/2025\/10\/image-15.png 827w, https:\/\/www.agroeducacion.com\/website\/wp-content\/uploads\/2025\/10\/image-15-300x73.png 300w, https:\/\/www.agroeducacion.com\/website\/wp-content\/uploads\/2025\/10\/image-15-768x187.png 768w\" sizes=\"auto, (max-width: 827px) 100vw, 827px\" \/><\/figure>\n\n\n\n<p>En pesos, <strong>el mercado reconoce por la soja disponible 16% por encima del FAS te\u00f3rico<\/strong>, y a futuro el mercado se muestra invertido, perdiendo a enero U$s 4\/tn. Tener en cuenta que la soja disponible en octubre perdido U$s 18\/tn desde su m\u00e1ximo en U$s 349 y que el aumento\/baja en el tipo de cambio .<\/p>\n\n\n\n<p><strong>Tener en cuenta que a la exportaci\u00f3n le quedar\u00edan por comprar entre 1 \/1,5 Mtn para cumplir con sus DJVE . Al ritmo de compras de unas 120.000 tn diarias, en 10 d\u00edas finalizar\u00eda el anab\u00f3lico DEX 0, y en esta semana clave tendremos que ver si la exportaci\u00f3n estar\u00e1 \u00e1vida por cumplirlas y quiz\u00e1s se abra una ventana que podr\u00eda insuflar los precios. El mercado dar\u00e1 se\u00f1ales, y los n\u00fameros hablar\u00e1n.<\/strong><\/p>\n\n\n\n<p><strong>Estar\u00e1 en cada uno escucharlos y conectarlos con los que diga tu escritorio.<\/strong><\/p>\n\n\n\n<p>La soja, como el ma\u00edz da oportunidades para aprovechar negocios con canje especialmente para insumos, otros activos dolarizados o inversiones que brinden una mejor tasa impl\u00edcita futura, acorde al riesgo y necesidades de liquidez que exija el flujo. Esta semana seguir\u00e1 pasando el tren.<\/p>\n\n\n\n<p><strong>Observar que la soja mayo\/26,&nbsp; U$s 311, cotiza un 13% por encima del FAS te\u00f3rico a U$s 275.<\/strong><strong>&nbsp;<\/strong><\/p>\n\n\n\n<p><strong>Como puede observarse en su tendencia, dicha cotizaci\u00f3n es +U$s12 por encima del m\u00e1ximo sin considerar retenciones 0 (U$s299)<\/strong><\/p>\n\n\n\n<figure class=\"wp-block-image size-full\"><img loading=\"lazy\" decoding=\"async\" width=\"967\" height=\"213\" src=\"https:\/\/www.agroeducacion.com\/website\/wp-content\/uploads\/2025\/10\/image-18.png\" alt=\"\" class=\"wp-image-24987\" srcset=\"https:\/\/www.agroeducacion.com\/website\/wp-content\/uploads\/2025\/10\/image-18.png 967w, https:\/\/www.agroeducacion.com\/website\/wp-content\/uploads\/2025\/10\/image-18-300x66.png 300w, https:\/\/www.agroeducacion.com\/website\/wp-content\/uploads\/2025\/10\/image-18-768x169.png 768w\" sizes=\"auto, (max-width: 967px) 100vw, 967px\" \/><\/figure>\n\n\n\n<p><strong>A tener en cuenta que el mayor volumen de exportaciones de soja argentina para abastecer principalmente a China, nos dejar\u00eda con un carry para pr\u00f3xima campa\u00f1a de algo m\u00e1s de 4M tn<\/strong>,&nbsp;<\/p>\n\n\n\n<p>Esta situaci\u00f3n, abre hasta febrero, que ingresa la soja paraguaya, condimentos que , aunque considerar que ya nos encontramos por encima de la capacitad te\u00f3rica de pago y que un posible acuerdo de titanes, por el contrario, pondr\u00eda pa\u00f1os fr\u00edos a nuestra oleaginosa.<\/p>\n\n\n\n<p><strong>El mercado ha dado y sigue dando se\u00f1ales. De vos depende su interpretaci\u00f3n, y las \u201celecciones en tus decisiones\u201d de gesti\u00f3n comercial, que todos los d\u00edas ten\u00e9s la libertad y poder de ejercer.<\/strong><\/p>\n\n\n\n<p><strong>Una imagen, vale m\u00e1s que mil palabras, en&nbsp; este Agrodibus especial para esta columna.<\/strong><\/p>\n\n\n\n<figure class=\"wp-block-image size-full\"><img loading=\"lazy\" decoding=\"async\" width=\"426\" height=\"412\" src=\"https:\/\/www.agroeducacion.com\/website\/wp-content\/uploads\/2025\/10\/elecciones-octubre-con-logo.png\" alt=\"\" class=\"wp-image-24989\" srcset=\"https:\/\/www.agroeducacion.com\/website\/wp-content\/uploads\/2025\/10\/elecciones-octubre-con-logo.png 426w, https:\/\/www.agroeducacion.com\/website\/wp-content\/uploads\/2025\/10\/elecciones-octubre-con-logo-300x290.png 300w\" sizes=\"auto, (max-width: 426px) 100vw, 426px\" \/><\/figure>\n\n\n\n<p><strong>M\u00f3nica Ortolani \u2013 Agrofinanzas &#8211; Docente de AgroEducaci\u00f3n<\/strong><\/p>\n\n\n\n<p class=\"has-text-align-center\"><strong>\u2193<\/strong> <strong>CONGRESO DE AGRONEGOCIOS 2025<\/strong> <strong>\u2193<\/strong><\/p>\n\n\n\n<figure class=\"wp-block-image size-large\"><a href=\"https:\/\/www.agroeducacion.com\/congreso\/\"><img loading=\"lazy\" decoding=\"async\" width=\"1920\" height=\"269\" src=\"https:\/\/www.agroeducacion.com\/website\/wp-content\/uploads\/2025\/10\/ezgif.com-animated-gif-maker-47-2.gif\" alt=\"\" class=\"wp-image-24988\"\/><\/a><\/figure>\n\n\n\n<p><\/p>\n","protected":false},"excerpt":{"rendered":"<p>M\u00f3nica Ortolani \u2013 Agrofinanzas &#8211; Docente de AgroEducaci\u00f3n Los mercados dan se\u00f1ales con n\u00fameros concretos. Sin embargo, interpretarlos en verdes para aprovecharlos, o en rojos paraliz\u00e1ndote, se conecta con las propias emociones, que se despiertan ante el recuerdo de las experiencias ya vividas. En una semana especial para los argentinos \u00bfQu\u00e9 \u201celecciones\u201d en tus decisiones &hellip;<\/p>\n","protected":false},"author":207,"featured_media":24980,"comment_status":"open","ping_status":"open","sticky":false,"template":"","format":"standard","meta":{"footnotes":""},"categories":[81,14,87],"tags":[],"class_list":["post-24979","post","type-post","status-publish","format-standard","has-post-thumbnail","hentry","category-destacados","category-economia","category-novedades"],"amp_enabled":true,"_links":{"self":[{"href":"https:\/\/www.agroeducacion.com\/website\/wp-json\/wp\/v2\/posts\/24979","targetHints":{"allow":["GET"]}}],"collection":[{"href":"https:\/\/www.agroeducacion.com\/website\/wp-json\/wp\/v2\/posts"}],"about":[{"href":"https:\/\/www.agroeducacion.com\/website\/wp-json\/wp\/v2\/types\/post"}],"author":[{"embeddable":true,"href":"https:\/\/www.agroeducacion.com\/website\/wp-json\/wp\/v2\/users\/207"}],"replies":[{"embeddable":true,"href":"https:\/\/www.agroeducacion.com\/website\/wp-json\/wp\/v2\/comments?post=24979"}],"version-history":[{"count":2,"href":"https:\/\/www.agroeducacion.com\/website\/wp-json\/wp\/v2\/posts\/24979\/revisions"}],"predecessor-version":[{"id":24993,"href":"https:\/\/www.agroeducacion.com\/website\/wp-json\/wp\/v2\/posts\/24979\/revisions\/24993"}],"wp:featuredmedia":[{"embeddable":true,"href":"https:\/\/www.agroeducacion.com\/website\/wp-json\/wp\/v2\/media\/24980"}],"wp:attachment":[{"href":"https:\/\/www.agroeducacion.com\/website\/wp-json\/wp\/v2\/media?parent=24979"}],"wp:term":[{"taxonomy":"category","embeddable":true,"href":"https:\/\/www.agroeducacion.com\/website\/wp-json\/wp\/v2\/categories?post=24979"},{"taxonomy":"post_tag","embeddable":true,"href":"https:\/\/www.agroeducacion.com\/website\/wp-json\/wp\/v2\/tags?post=24979"}],"curies":[{"name":"wp","href":"https:\/\/api.w.org\/{rel}","templated":true}]}}