{"id":24109,"date":"2026-01-27T09:53:10","date_gmt":"2026-01-27T12:53:10","guid":{"rendered":"https:\/\/www.agroeducacion.com\/website\/?p=24109"},"modified":"2026-02-03T11:31:30","modified_gmt":"2026-02-03T14:31:30","slug":"control-de-liquidaciones-y-cobranzas-agricolas-2","status":"publish","type":"post","link":"https:\/\/www.agroeducacion.com\/website\/control-de-liquidaciones-y-cobranzas-agricolas-2\/","title":{"rendered":"Control de Liquidaciones y Cobranzas Agr\u00edcolas"},"content":{"rendered":"\n<figure class=\"wp-block-image size-large\"><img loading=\"lazy\" decoding=\"async\" width=\"1024\" height=\"576\" src=\"https:\/\/www.agroeducacion.com\/website\/wp-content\/uploads\/2025\/06\/Mesa-de-trabajo-1-copia-25-1024x576.png\" alt=\"\" class=\"wp-image-24245\" srcset=\"https:\/\/www.agroeducacion.com\/website\/wp-content\/uploads\/2025\/06\/Mesa-de-trabajo-1-copia-25-1024x576.png 1024w, https:\/\/www.agroeducacion.com\/website\/wp-content\/uploads\/2025\/06\/Mesa-de-trabajo-1-copia-25-300x169.png 300w, https:\/\/www.agroeducacion.com\/website\/wp-content\/uploads\/2025\/06\/Mesa-de-trabajo-1-copia-25-768x432.png 768w, https:\/\/www.agroeducacion.com\/website\/wp-content\/uploads\/2025\/06\/Mesa-de-trabajo-1-copia-25-1536x864.png 1536w, https:\/\/www.agroeducacion.com\/website\/wp-content\/uploads\/2025\/06\/Mesa-de-trabajo-1-copia-25-2048x1152.png 2048w, https:\/\/www.agroeducacion.com\/website\/wp-content\/uploads\/2025\/06\/Mesa-de-trabajo-1-copia-25-390x220.png 390w\" sizes=\"auto, (max-width: 1024px) 100vw, 1024px\" \/><\/figure>\n\n\n\n<h2 class=\"wp-block-heading\" id=\"objetivo\">Objetivo<\/h2>\n\n\n\n<p>Responderemos a las siguientes preguntas Claves de la Gestion Administrativa Granaria<\/p>\n\n\n\n<p>\u2713&nbsp;\u00bfEl precio cobrado por mis granos fue el vendido?<br>\u2713&nbsp;\u00bfLlevo un control de las variables claves de gesti\u00f3n?<br>\u2713&nbsp;\u00bfHay un circuito establecido para controlar la rentabilidad?&nbsp;<br><br>En el Curso te brindaremos&nbsp;las herramientas necesarias para controlar los puntos clave que impactan en la gesti\u00f3n integral administrativa, comercial y financiera de una empresa Agr\u00edcola.<\/p>\n\n\n\n<p class=\"has-text-align-center\"><strong>\u2193 Ruth Remesnitzky te invita a participar del curso en DIFERIDO&nbsp;\u2193<\/strong><\/p>\n\n\n\n<figure class=\"wp-block-embed is-type-video is-provider-vimeo wp-block-embed-vimeo wp-embed-aspect-16-9 wp-has-aspect-ratio\"><div class=\"wp-block-embed__wrapper\">\n<iframe loading=\"lazy\" title=\"Promo Diferido (16-9) - Control de Liquidaciones y Cobranzas Agr\u00edcolas\" src=\"https:\/\/player.vimeo.com\/video\/1091926326?h=ca3ec70c9e&amp;dnt=1&amp;app_id=122963\" width=\"500\" height=\"281\" frameborder=\"0\" allow=\"autoplay; fullscreen; picture-in-picture; clipboard-write; encrypted-media\"><\/iframe>\n<\/div><\/figure>\n\n\n\n<h2 class=\"wp-block-heading\" id=\"objetivo\">Temario<\/h2>\n\n\n\n<ul class=\"wp-block-list\">\n<li>Circuitos de documentos e informaci\u00f3n<\/li>\n\n\n\n<li>Liquidaciones parciales: control con el cierre de negocio y determinaci\u00f3n de fecha de cobro<\/li>\n\n\n\n<li>Identificar y controlar retenciones de impuestos y deducciones de calidad<\/li>\n\n\n\n<li>Liquidaciones finales: \u00bfc\u00f3mo se controlan, cuando se liquidan y cobran?<\/li>\n\n\n\n<li>Ejemplos pr\u00e1cticos de liquidaciones de granos.<\/li>\n\n\n\n<li>Tips para controlar la gesti\u00f3n integral agr\u00edcola<\/li>\n<\/ul>\n\n\n\n<h3 class=\"wp-block-heading\">Docente<\/h3>\n\n\n\n<p><strong>Ruth Remesnitzky<\/strong><\/p>\n\n\n\n<p>Contadora Especializada en Financiamiento y Gesti\u00f3n Comercial Agro y Pyme &#8211; CEO&nbsp;Lazos Comerciales<\/p>\n\n\n\n<p><\/p>\n\n\n\n<h2 class=\"wp-block-heading\"><strong>Metodolog\u00eda de Cursado<\/strong><\/h2>\n\n\n\n<p><strong>A DISTANCIA EN VIVO:&nbsp;<\/strong>Se podr\u00e1 participar de las clases en tiempo real, interactuando con la clase presencial via chat y a viva voz.<\/p>\n\n\n\n<p><strong>A DISTANCIA EN DIFERIDO:<\/strong>&nbsp;Grabaci\u00f3n de la clase para ver en otro momento, cu\u00e1ndo y d\u00f3nde quieras.<br>Disponible en la plataforma de alumno, 24 hs. despu\u00e9s del curso durante 4 meses sin l\u00edmites de entrada.<\/p>\n\n\n\n<p><strong>La modalidad en diferido es para todos los alumnos inscriptos al curso independientemente que hayan participado a distancia o lo tomen directamente en diferido.<\/strong><\/p>\n\n\n\n<p><\/p>\n\n\n\n<p><strong>Para inscripciones<\/strong>&nbsp;segu\u00ed los pasos de inscripci\u00f3n, en caso de tener alguna consulta o duda<br>comun\u00edcate con nuestro equipo de Agroeducaci\u00f3n:<br>Cursos y Conferencias: Paloma\u2013 info@agroeducacion.com \u2013 WA. +54 9 341 5593990<br>Administraci\u00f3n: Gilda \u2013 administraci\u00f3n@agroeducacion.com<\/p>\n\n\n\n<p class=\"has-text-align-center has-white-color has-text-color has-background has-medium-font-size\" style=\"background-color:#2c323f\"><strong>VALOR $70.000 + IVA \/\/ U$D 70<\/strong><\/p>\n\n\n\n<p class=\"has-text-align-center\"><strong>Sin cargo<\/strong> alumnos del Postgrado en Agronegocios <br><strong>Media beca<\/strong> para socios de AgroEducaci\u00f3n<\/p>\n\n\n\n<div class=\"wp-block-columns is-layout-flex wp-container-core-columns-is-layout-9d6595d7 wp-block-columns-is-layout-flex\">\n<div class=\"wp-block-column is-layout-flow wp-block-column-is-layout-flow\" style=\"flex-basis:100%\">\n<div class=\"wp-block-buttons is-layout-flex wp-block-buttons-is-layout-flex\">\n<div class=\"wp-block-button has-custom-width wp-block-button__width-100\"><a class=\"wp-block-button__link has-background has-medium-font-size has-custom-font-size wp-element-button\" href=\"https:\/\/agroeducacion.lookingfortrouble.ai\/inscription\/control-liquidaciones-cobranzas-2025\" style=\"border-radius:12px;background-color:#142d96\">INSCRIBITE AQU\u00cd<\/a><\/div>\n<\/div>\n<\/div>\n<\/div>\n\n\n\n<hr class=\"wp-block-separator has-css-opacity\"\/>\n","protected":false},"excerpt":{"rendered":"<p>Objetivo Responderemos a las siguientes preguntas Claves de la Gestion Administrativa Granaria \u2713&nbsp;\u00bfEl precio cobrado por mis granos fue el vendido?\u2713&nbsp;\u00bfLlevo un control de las variables claves de gesti\u00f3n?\u2713&nbsp;\u00bfHay un circuito establecido para controlar la rentabilidad?&nbsp;En el Curso te brindaremos&nbsp;las herramientas necesarias para controlar los puntos clave que impactan en la gesti\u00f3n integral administrativa, comercial &hellip;<\/p>\n","protected":false},"author":207,"featured_media":24245,"comment_status":"open","ping_status":"open","sticky":false,"template":"","format":"standard","meta":{"footnotes":""},"categories":[66,8],"tags":[],"class_list":["post-24109","post","type-post","status-publish","format-standard","has-post-thumbnail","hentry","category-cursos","category-cursos-en-diferido"],"amp_enabled":true,"_links":{"self":[{"href":"https:\/\/www.agroeducacion.com\/website\/wp-json\/wp\/v2\/posts\/24109","targetHints":{"allow":["GET"]}}],"collection":[{"href":"https:\/\/www.agroeducacion.com\/website\/wp-json\/wp\/v2\/posts"}],"about":[{"href":"https:\/\/www.agroeducacion.com\/website\/wp-json\/wp\/v2\/types\/post"}],"author":[{"embeddable":true,"href":"https:\/\/www.agroeducacion.com\/website\/wp-json\/wp\/v2\/users\/207"}],"replies":[{"embeddable":true,"href":"https:\/\/www.agroeducacion.com\/website\/wp-json\/wp\/v2\/comments?post=24109"}],"version-history":[{"count":8,"href":"https:\/\/www.agroeducacion.com\/website\/wp-json\/wp\/v2\/posts\/24109\/revisions"}],"predecessor-version":[{"id":25434,"href":"https:\/\/www.agroeducacion.com\/website\/wp-json\/wp\/v2\/posts\/24109\/revisions\/25434"}],"wp:featuredmedia":[{"embeddable":true,"href":"https:\/\/www.agroeducacion.com\/website\/wp-json\/wp\/v2\/media\/24245"}],"wp:attachment":[{"href":"https:\/\/www.agroeducacion.com\/website\/wp-json\/wp\/v2\/media?parent=24109"}],"wp:term":[{"taxonomy":"category","embeddable":true,"href":"https:\/\/www.agroeducacion.com\/website\/wp-json\/wp\/v2\/categories?post=24109"},{"taxonomy":"post_tag","embeddable":true,"href":"https:\/\/www.agroeducacion.com\/website\/wp-json\/wp\/v2\/tags?post=24109"}],"curies":[{"name":"wp","href":"https:\/\/api.w.org\/{rel}","templated":true}]}}