{"id":23641,"date":"2025-03-07T09:31:11","date_gmt":"2025-03-07T12:31:11","guid":{"rendered":"https:\/\/www.agroeducacion.com\/website\/?p=23641"},"modified":"2025-03-07T09:31:14","modified_gmt":"2025-03-07T12:31:14","slug":"aranceles-clima-y-proyecciones-25-26","status":"publish","type":"post","link":"https:\/\/www.agroeducacion.com\/website\/aranceles-clima-y-proyecciones-25-26\/","title":{"rendered":"Aranceles, clima y proyecciones 25\/26"},"content":{"rendered":"\n<figure class=\"wp-block-image size-large\"><img loading=\"lazy\" decoding=\"async\" width=\"1024\" height=\"547\" src=\"https:\/\/www.agroeducacion.com\/website\/wp-content\/uploads\/2025\/03\/image-3-1024x547.png\" alt=\"\" class=\"wp-image-23642\" srcset=\"https:\/\/www.agroeducacion.com\/website\/wp-content\/uploads\/2025\/03\/image-3-1024x547.png 1024w, https:\/\/www.agroeducacion.com\/website\/wp-content\/uploads\/2025\/03\/image-3-300x160.png 300w, https:\/\/www.agroeducacion.com\/website\/wp-content\/uploads\/2025\/03\/image-3-768x410.png 768w, https:\/\/www.agroeducacion.com\/website\/wp-content\/uploads\/2025\/03\/image-3.png 1204w\" sizes=\"auto, (max-width: 1024px) 100vw, 1024px\" \/><\/figure>\n\n\n\n<p><strong><strong>Marianela de Emilio  | &nbsp;Ingeniera Agr\u00f3noma<\/strong><\/strong><\/p>\n\n\n\n<p>El mercado de granos, afectado por condimentos geopol\u00edticos y fundamentales, recibe tambi\u00e9n las primeras proyecciones hacia la campa\u00f1a 25\/26. Es tal la cantidad y velocidad de la informaci\u00f3n vertida, que dificulta dimensionar el riesgo precio en el corto y mediano plazo.<\/p>\n\n\n\n<ul class=\"wp-block-list\">\n<li>Aranceles impactan a la baja en el mercado de granos:<\/li>\n<\/ul>\n\n\n\n<p>Los aranceles impuestos por Estados Unidos a importantes socios comerciales de ese pa\u00eds a partir de marzo, 25% a Canad\u00e1 y M\u00e9xico, y 10% a China, a este \u00faltimo se suma al 10% ya aplicado desde febrero, resulto en m\u00faltiples respuestas de estos pa\u00edses para productos estadounidenses. Canad\u00e1, principal cliente de etanol estadounidense, aplica 25% de aranceles, mientras M\u00e9xico, principal cliente de ma\u00edz estadounidense, anuncia que habr\u00e1 respuesta arancelaria desde este pa\u00eds, a\u00fan sin precisiones. China respondi\u00f3 aplicando 15% de aranceles a algunos productos agropecuarios y 10% a otros.<\/p>\n\n\n\n<p>La gama de productos involucrados directa o indirectamente en los aranceles aplicados por estos pa\u00edses es tan amplia, que genera un derrame de reacciones bajistas sobre Chicago en el corto plazo, con fondos de inversi\u00f3n retirando posiciones compradas en todos los granos y complejo oleaginoso, lo que result\u00f3 en bajas acumuladas de&nbsp;<strong><em>U$S-17\/TN<\/em><\/strong>&nbsp;en soja,&nbsp;<strong><em>U$S -21\/TN<\/em><\/strong>&nbsp;en ma\u00edz y&nbsp;<strong><em>U$S -25\/TN<\/em><\/strong>&nbsp;en trigo entre los \u00faltimos d\u00edas de febrero y primeros de marzo.<\/p>\n\n\n\n<p>Junto las reacciones del mercado, el d\u00f3lar estadounidense perdi\u00f3 fuerza frente a otras monedas consideradas fuertes en el mundo, lo que ofrece mayor competitividad exportadora a USA, y esto brinda a los granos una se\u00f1al alcista que permite recuperar parte de las bajas causadas por el efecto aranceles.<\/p>\n\n\n\n<ul class=\"wp-block-list\">\n<li>Lluvias en Sudam\u00e9rica mejoran expectativas de rendimientos:<\/li>\n<\/ul>\n\n\n\n<p>Mientras los aranceles desde y hacia Estados Unidos pasaron del dicho al hecho, el clima en Sudam\u00e9rica sigui\u00f3 atravesando la campa\u00f1a 24\/25 con lluvias, que en algunas zonas fueron excesivas y en otras deficitarias.<\/p>\n\n\n\n<p>En el mapa a la izquierda se observan d\u00edas sin lluvia al 4 de marzo 2025, comprobando que gran parte del \u00e1rea monitoreada recibi\u00f3 lluvias la \u00faltima semana, mientras son menos las zonas sin lluvias en dos semanas o m\u00e1s de un mes. El mapa a la derecha muestra el agua \u00fatil al 5 de marzo 2025, a un metro de profundidad, se observan desde excesos h\u00eddricos a muy saturados en todo el centro este del pa\u00eds, y suelos con muy poco o nada de humedad al norte y oeste del pa\u00eds.<\/p>\n\n\n\n<p>Dado que la superficie que recibi\u00f3 las fuertes lluvias del fin de semana largo es la que aporta la mayor proporci\u00f3n de producci\u00f3n agr\u00edcola del pa\u00eds, una mejora en el estado de cultivos de soja y ma\u00edz ser\u00e1 indicio de mayores rendimientos potenciales y de una cosecha abundante, con lo que los precios locales e internacionales reciben se\u00f1ales para relajarse a la baja.<\/p>\n\n\n<div class=\"wp-block-image\">\n<figure class=\"aligncenter size-large\"><img loading=\"lazy\" decoding=\"async\" width=\"1024\" height=\"708\" src=\"https:\/\/www.agroeducacion.com\/website\/wp-content\/uploads\/2025\/03\/image-1024x708.jpeg\" alt=\"\" class=\"wp-image-23643\" srcset=\"https:\/\/www.agroeducacion.com\/website\/wp-content\/uploads\/2025\/03\/image-1024x708.jpeg 1024w, https:\/\/www.agroeducacion.com\/website\/wp-content\/uploads\/2025\/03\/image-300x208.jpeg 300w, https:\/\/www.agroeducacion.com\/website\/wp-content\/uploads\/2025\/03\/image-768x531.jpeg 768w, https:\/\/www.agroeducacion.com\/website\/wp-content\/uploads\/2025\/03\/image.jpeg 1110w\" sizes=\"auto, (max-width: 1024px) 100vw, 1024px\" \/><\/figure>\n<\/div>\n\n\n<ul class=\"wp-block-list\">\n<li>Primeras proyecciones agr\u00edcolas 2025\/2026 para Estados Unidos:<\/li>\n<\/ul>\n\n\n\n<p>El pasado jueves y viernes, 27 y 28 de febrero 2025, el Departamento de Agricultura de Estados Unidos (USDA) desarrollo su \u201cForo de Perspectivas anual 2025\u201d, en el que expertos de USDA y organismos internacionales desarrollaron una amplia gama de tem\u00e1ticas vinculadas a la producci\u00f3n agropecuaria, energ\u00e9tica y de mercados. Uno de los temas m\u00e1s esperados y relevantes para el mercado en el mediano plazo, fue la primera proyecci\u00f3n de \u00e1rea de siembra y producci\u00f3n de granos 25\/26 de Estados Unidos, considerando que es el pa\u00eds que produce y exporta casi un tercio del ma\u00edz y soja del mundo, y produce y exporta 7% y 11% del trigo.<\/p>\n\n\n\n<p>El USDA proyecta un crecimiento de \u00e1rea de siembra de ma\u00edz 25\/26 en 1,4 millones de hect\u00e1reas superior al 24\/25, y rendimientos 1,1 qq\/ha mayores a la campa\u00f1a pasada, ambos aumentos resultar\u00edan en un crecimiento productivo de m\u00e1s de 18 millones de toneladas, pasando de 378 a 396 millones de toneladas de ma\u00edz en USA. Proyectan adem\u00e1s un decrecimiento de exportaciones y aumento de uso dom\u00e9stico del ma\u00edz. Los precios proyectados al productor para el ma\u00edz 25\/26 son&nbsp;<strong><em>U$S -6\/TN<\/em><\/strong>&nbsp;inferiores a los de la presente campa\u00f1a, pasando de&nbsp;<strong><em>U$S 171<\/em><\/strong>&nbsp;a&nbsp;<strong><em>165\/TN<\/em><\/strong>. El impacto en el mercado internacional es bajista para ma\u00edz en el mediano plazo.<\/p>\n\n\n\n<p>En cuanto a soja, el USDA proyecta un decrecimiento de \u00e1rea de siembra 25\/26 en 1,25 millones de hect\u00e1reas, as\u00ed como un aumento de rendimientos en 1,2 qq\/ha, lo que resulta en una producci\u00f3n de soja estadounidense casi id\u00e9ntica a la campa\u00f1a 24\/25. Se proyecta mayor nivel de exportaciones y uso dom\u00e9stico, sin dejar de lado que estas proyecciones se basaron en modelos previos al establecimiento de aranceles de parte del nuevo presidente de ese pa\u00eds, lo que podr\u00eda resultar en menores vol\u00famenes de exportaci\u00f3n. El precio al productor estadounidense de soja 25\/26 se proyecta&nbsp;<strong><em>U$S -4\/TN<\/em><\/strong>&nbsp;por debajo al precio 24\/25, pasando de&nbsp;<strong><em>U$S 371<\/em><\/strong>&nbsp;a&nbsp;<strong><em>367\/TN<\/em><\/strong>, lo que depender\u00e1 de que el clima permita expresar los rendimientos como se proyectan.<\/p>\n\n\n\n<p>Por \u00faltimo, la proyecci\u00f3n de trigo 25\/26 en USA es de un leve aumento de \u00e1rea de siembra, 360 mil hect\u00e1reas m\u00e1s, respecto a la 24\/25, y disminuci\u00f3n de rendimientos en -0,7 qq\/ha, lo que resultar\u00eda en mermas de producci\u00f3n de 1,2 millones de toneladas, pasando de 53,6 millones de toneladas en 24\/25 a 52,4 millones en 25\/26. No se proyectan cambios relevantes de exportaciones y uso dom\u00e9stico para la 25\/26 versus 24\/25. Los precios al productor se proyectan&nbsp;<strong><em>U$S -2\/TN<\/em><\/strong>&nbsp;respecto a la campa\u00f1a pasada, pasando de&nbsp;<strong><em>U$S 204<\/em><\/strong>&nbsp;a&nbsp;<strong><em>202\/TN<\/em><\/strong>.<\/p>\n\n\n\n<p>Junto a estas proyecciones se ofreci\u00f3 el pron\u00f3stico estacional para la 25\/26 estadounidense, con inicio de primavera de un evento \u201cLa Ni\u00f1a\u201d en transici\u00f3n, que contribuir\u00eda a una estaci\u00f3n predominantemente seca y fr\u00eda, mientras el verano estadounidense no presentar\u00eda temperaturas extremas, con lluvias normaliz\u00e1ndose hacia una estaci\u00f3n \u201cNeutra\u201d, pero con leve sequ\u00eda en algunas zonas del oeste del pa\u00eds. Para finalizar la campa\u00f1a, el oto\u00f1o resultar\u00eda seco en las planicies del norte y medio oeste superior, con posibles picos de temperatura y tormentas tropicales en el este. Todo esto contribuir\u00eda a una campa\u00f1a que no garantiza provisi\u00f3n de agua suficiente, cuyos rendimientos de soja y ma\u00edz podr\u00edan verse amenazados y diferir de los proyectados m\u00e1s arriba, aunque a m\u00e1s de tres meses todo puede cambiar.<\/p>\n\n\n\n<p><strong>Conclusiones:<\/strong>&nbsp;Los aranceles que entraron en vigor esta semana causaron fuertes bajas sobre el mercado internacional de granos desde las \u00faltimas jornadas de febrero. Las lluvias de Sudam\u00e9rica mejoran las proyecciones productivas sobre Argentina y Brasil, tanto para soja como ma\u00edz, elevando la certeza de buenos vol\u00famenes de cosecha 24\/25. Las proyecciones 25\/26 para Estados Unidos hablan de m\u00e1s ma\u00edz, menos trigo y semejante volumen de soja al aportado en la 24\/25 por ese pa\u00eds, con un clima que pasar\u00e1 de Ni\u00f1a (sequ\u00eda) a Neutro (normal) desde la primavera hasta el oto\u00f1o norteamericano. El corto plazo sigue presionando a la baja, a lo que se agrega condimentos de una econom\u00eda global sin fuerza de crecimiento, con posibles efectos de recesi\u00f3n sobre la demanda.<\/p>\n\n\n\n<p>Las decisiones comerciales deben ser tomadas considerando los precios actuales del disponible como oportunidad frente a menores recortes locales respecto a los internacionales, as\u00ed como los precios futuros de la cosecha pronta a levantar deben ser considerados para avanzar sobre coberturas de precios, ante posible fuerza bajista de una demanda que tiene la cosecha asegurada. Los precios disponibles y futuros que hoy muestra el mercado de granos podr\u00edan convertirse en oportunidades pasadas en plena cosecha, cuando la necesidad de liquidez obligue a entregar y preciar mercader\u00eda al precio que sea.<\/p>\n\n\n\n<p><strong><strong>Marianela de Emilio  | &nbsp;Ingeniera Agr\u00f3noma<\/strong><\/strong><\/p>\n\n\n\n<p class=\"has-text-align-center\"><strong>\u2193 CURSO DE POSTGRADO EN AGRONEGOCIOS 2025 \u2193<\/strong><\/p>\n\n\n\n<figure class=\"wp-block-image size-large\"><a href=\"https:\/\/www.agroeducacion.com\/postgrado\/\"><img loading=\"lazy\" decoding=\"async\" width=\"1024\" height=\"231\" src=\"https:\/\/www.agroeducacion.com\/website\/wp-content\/uploads\/2024\/12\/ezgif.com-animated-gif-maker-13-1024x231.gif\" alt=\"\" class=\"wp-image-23194\" srcset=\"https:\/\/www.agroeducacion.com\/website\/wp-content\/uploads\/2024\/12\/ezgif.com-animated-gif-maker-13-1024x231.gif 1024w, https:\/\/www.agroeducacion.com\/website\/wp-content\/uploads\/2024\/12\/ezgif.com-animated-gif-maker-13-300x68.gif 300w, https:\/\/www.agroeducacion.com\/website\/wp-content\/uploads\/2024\/12\/ezgif.com-animated-gif-maker-13-768x174.gif 768w, https:\/\/www.agroeducacion.com\/website\/wp-content\/uploads\/2024\/12\/ezgif.com-animated-gif-maker-13-1536x347.gif 1536w\" sizes=\"auto, (max-width: 1024px) 100vw, 1024px\" \/><\/a><\/figure>\n","protected":false},"excerpt":{"rendered":"<p>Marianela de Emilio | &nbsp;Ingeniera Agr\u00f3noma El mercado de granos, afectado por condimentos geopol\u00edticos y fundamentales, recibe tambi\u00e9n las primeras proyecciones hacia la campa\u00f1a 25\/26. Es tal la cantidad y velocidad de la informaci\u00f3n vertida, que dificulta dimensionar el riesgo precio en el corto y mediano plazo. Aranceles impactan a la baja en el mercado &hellip;<\/p>\n","protected":false},"author":207,"featured_media":23642,"comment_status":"open","ping_status":"open","sticky":false,"template":"","format":"standard","meta":{"footnotes":""},"categories":[81,51,87],"tags":[],"class_list":["post-23641","post","type-post","status-publish","format-standard","has-post-thumbnail","hentry","category-destacados","category-granos","category-novedades"],"amp_enabled":true,"_links":{"self":[{"href":"https:\/\/www.agroeducacion.com\/website\/wp-json\/wp\/v2\/posts\/23641","targetHints":{"allow":["GET"]}}],"collection":[{"href":"https:\/\/www.agroeducacion.com\/website\/wp-json\/wp\/v2\/posts"}],"about":[{"href":"https:\/\/www.agroeducacion.com\/website\/wp-json\/wp\/v2\/types\/post"}],"author":[{"embeddable":true,"href":"https:\/\/www.agroeducacion.com\/website\/wp-json\/wp\/v2\/users\/207"}],"replies":[{"embeddable":true,"href":"https:\/\/www.agroeducacion.com\/website\/wp-json\/wp\/v2\/comments?post=23641"}],"version-history":[{"count":1,"href":"https:\/\/www.agroeducacion.com\/website\/wp-json\/wp\/v2\/posts\/23641\/revisions"}],"predecessor-version":[{"id":23644,"href":"https:\/\/www.agroeducacion.com\/website\/wp-json\/wp\/v2\/posts\/23641\/revisions\/23644"}],"wp:featuredmedia":[{"embeddable":true,"href":"https:\/\/www.agroeducacion.com\/website\/wp-json\/wp\/v2\/media\/23642"}],"wp:attachment":[{"href":"https:\/\/www.agroeducacion.com\/website\/wp-json\/wp\/v2\/media?parent=23641"}],"wp:term":[{"taxonomy":"category","embeddable":true,"href":"https:\/\/www.agroeducacion.com\/website\/wp-json\/wp\/v2\/categories?post=23641"},{"taxonomy":"post_tag","embeddable":true,"href":"https:\/\/www.agroeducacion.com\/website\/wp-json\/wp\/v2\/tags?post=23641"}],"curies":[{"name":"wp","href":"https:\/\/api.w.org\/{rel}","templated":true}]}}