{"id":22201,"date":"2024-07-25T12:00:00","date_gmt":"2024-07-25T15:00:00","guid":{"rendered":"https:\/\/www.agroeducacion.com\/website\/?p=22201"},"modified":"2024-07-25T15:49:41","modified_gmt":"2024-07-25T18:49:41","slug":"comite-de-crisis-222","status":"publish","type":"post","link":"https:\/\/www.agroeducacion.com\/website\/comite-de-crisis-222\/","title":{"rendered":"Comit\u00e9 de Crisis #223"},"content":{"rendered":"\n<figure class=\"wp-block-embed is-type-video is-provider-youtube wp-block-embed-youtube wp-embed-aspect-4-3 wp-has-aspect-ratio\"><div class=\"wp-block-embed__wrapper\">\n<iframe loading=\"lazy\" title=\"Comit\u00e9 de Crisis #223 | La Politica, la Econom\u00eda y el Regreso m\u00e1s esperado\" width=\"500\" height=\"375\" src=\"https:\/\/www.youtube.com\/embed\/BtQ-D_0j1CU?feature=oembed\" frameborder=\"0\" allow=\"accelerometer; autoplay; clipboard-write; encrypted-media; gyroscope; picture-in-picture; web-share\" referrerpolicy=\"strict-origin-when-cross-origin\" allowfullscreen><\/iframe>\n<\/div><\/figure>\n\n\n\n<p><\/p>\n","protected":false},"excerpt":{"rendered":"","protected":false},"author":207,"featured_media":22247,"comment_status":"open","ping_status":"open","sticky":false,"template":"","format":"standard","meta":{"footnotes":""},"categories":[62,78,81],"tags":[],"class_list":["post-22201","post","type-post","status-publish","format-standard","has-post-thumbnail","hentry","category-agroedutv","category-comite-de-crisis","category-destacados"],"amp_enabled":true,"_links":{"self":[{"href":"https:\/\/www.agroeducacion.com\/website\/wp-json\/wp\/v2\/posts\/22201","targetHints":{"allow":["GET"]}}],"collection":[{"href":"https:\/\/www.agroeducacion.com\/website\/wp-json\/wp\/v2\/posts"}],"about":[{"href":"https:\/\/www.agroeducacion.com\/website\/wp-json\/wp\/v2\/types\/post"}],"author":[{"embeddable":true,"href":"https:\/\/www.agroeducacion.com\/website\/wp-json\/wp\/v2\/users\/207"}],"replies":[{"embeddable":true,"href":"https:\/\/www.agroeducacion.com\/website\/wp-json\/wp\/v2\/comments?post=22201"}],"version-history":[{"count":2,"href":"https:\/\/www.agroeducacion.com\/website\/wp-json\/wp\/v2\/posts\/22201\/revisions"}],"predecessor-version":[{"id":22248,"href":"https:\/\/www.agroeducacion.com\/website\/wp-json\/wp\/v2\/posts\/22201\/revisions\/22248"}],"wp:featuredmedia":[{"embeddable":true,"href":"https:\/\/www.agroeducacion.com\/website\/wp-json\/wp\/v2\/media\/22247"}],"wp:attachment":[{"href":"https:\/\/www.agroeducacion.com\/website\/wp-json\/wp\/v2\/media?parent=22201"}],"wp:term":[{"taxonomy":"category","embeddable":true,"href":"https:\/\/www.agroeducacion.com\/website\/wp-json\/wp\/v2\/categories?post=22201"},{"taxonomy":"post_tag","embeddable":true,"href":"https:\/\/www.agroeducacion.com\/website\/wp-json\/wp\/v2\/tags?post=22201"}],"curies":[{"name":"wp","href":"https:\/\/api.w.org\/{rel}","templated":true}]}}