{"id":20790,"date":"2024-02-05T09:06:09","date_gmt":"2024-02-05T12:06:09","guid":{"rendered":"https:\/\/www.agroeducacion.com\/website\/?p=20790"},"modified":"2024-02-05T09:20:37","modified_gmt":"2024-02-05T12:20:37","slug":"de-la-macro-a-la-micro-accion","status":"publish","type":"post","link":"https:\/\/www.agroeducacion.com\/website\/de-la-macro-a-la-micro-accion\/","title":{"rendered":"De la Macro a la Micro&#8230; Acci\u00f3n!!"},"content":{"rendered":"\n<figure class=\"wp-block-image size-large\"><img loading=\"lazy\" decoding=\"async\" width=\"1024\" height=\"427\" src=\"https:\/\/www.agroeducacion.com\/website\/wp-content\/uploads\/2024\/02\/Mesa-de-trabajo-1-1024x427.png\" alt=\"\" class=\"wp-image-20791\" srcset=\"https:\/\/www.agroeducacion.com\/website\/wp-content\/uploads\/2024\/02\/Mesa-de-trabajo-1-1024x427.png 1024w, https:\/\/www.agroeducacion.com\/website\/wp-content\/uploads\/2024\/02\/Mesa-de-trabajo-1-300x125.png 300w, https:\/\/www.agroeducacion.com\/website\/wp-content\/uploads\/2024\/02\/Mesa-de-trabajo-1-768x320.png 768w, https:\/\/www.agroeducacion.com\/website\/wp-content\/uploads\/2024\/02\/Mesa-de-trabajo-1-1536x640.png 1536w, https:\/\/www.agroeducacion.com\/website\/wp-content\/uploads\/2024\/02\/Mesa-de-trabajo-1.png 1920w\" sizes=\"auto, (max-width: 1024px) 100vw, 1024px\" \/><\/figure>\n\n\n\n<p><strong>Por Andr\u00e9s Gosende | Coordinador Area Futuros y opciones Intagro SA \u2013 Docente Agroeducaci\u00f3n<\/strong><\/p>\n\n\n\n<p>Dos guerras en curso en las cuales no se vislumbra fecha de culminaci\u00f3n; Inflaci\u00f3n global; China desacelerando el motor de la demanda; Terrorismo internacional; Evento ni\u00f1o (revoltoso); Brasil con merma de producci\u00f3n; Argentina sigue convulsionada pol\u00edtica y econ\u00f3micamente; falta de agua; baja precios; retenciones; blend si; blend no.&nbsp;<\/p>\n\n\n\n<p>Casi con seguridad omit\u00ed muchos factores actuales\u2026.<\/p>\n\n\n\n<p>El foco de este articulo no es an\u00e1lisis fundamental de granos; pero tampoco hay que ignorar el contexto del cual somo parte a la hora de evaluar alternativas y estrategias comerciales de estaci\u00f3n.<\/p>\n\n\n\n<p>Despu\u00e9s de la introducci\u00f3n, buscar\u00eda sumar a mi lista de factores a seguir estos movimientos de precios:<\/p>\n\n\n\n<ul class=\"wp-block-list\">\n<li><strong>Veloz baja de los precios de la soja mayo 2024<\/strong><\/li>\n<\/ul>\n\n\n<div class=\"wp-block-image\">\n<figure class=\"aligncenter\"><img decoding=\"async\" src=\"https:\/\/lh7-us.googleusercontent.com\/PdohhKslKKt8oDN0WjKCzJub6pu7uoYZGBswlx71YhebOKugMCSxv6F_d2H79JL9dOpQBoiXGIDwb6pkViAgHH1nBY5OBS1B1hpugZscFZEGRrZTR6r72uqLrX9o3XJa1lvimShY-DctRg1VHOl8LA\" alt=\"Gr\u00e1fico, Gr\u00e1fico de l\u00edneas\n\nDescripci\u00f3n generada autom\u00e1ticamente\"\/><\/figure>\n<\/div>\n\n\n<p>Esta baja de la soja mayo permite pensar COMPRA de opciones CALL; para aquel que haya vendido con anticipaci\u00f3n (solo el 9% esta comercializado y el 1% tiene precio de la campa\u00f1a 2023\/24); para dejar el terreno preparado a potenciales subas en las cuales cada empresa pondr\u00e1 sus factores motor.&nbsp;<\/p>\n\n\n\n<p>Si no hubo ventas se puede adelantar la compra, para aprovechar la baja.&nbsp;<\/p>\n\n\n\n<p>Ejemplos: Soja Rosario MAYO 288,4&nbsp; u$s\/tns\u00a9 CALL<\/p>\n\n\n\n<p>&nbsp;Strike&lt;&gt; Prima&nbsp;&nbsp;<\/p>\n\n\n\n<p>300@ 7,5 u$s\/tns<\/p>\n\n\n\n<p>304@ 6,7 u$s\/tns<\/p>\n\n\n\n<p>308@ 5,5 u$s\/tns<\/p>\n\n\n\n<p>312@ 4,8 u$s\/tns<\/p>\n\n\n\n<p>Vto: 23\/04\/24<\/p>\n\n\n\n<ul class=\"wp-block-list\">\n<li><strong>Pases del Ma\u00edz<\/strong><\/li>\n<\/ul>\n\n\n<div class=\"wp-block-image\">\n<figure class=\"aligncenter\"><img decoding=\"async\" src=\"https:\/\/lh7-us.googleusercontent.com\/ElNY-j7lXBEJr7wR7-tfXuILZR4OM0r5M7NNcSpz83JeMYU3A05k78nzUXhkPgdBuTB4Z3GxeGHeu80t3WJG-XHdZdmUZjTcwriQRY3stnR4iSkPx0QAxOvGL2CDZgwVYqMAbvpIY10qba9ubUjOmQ\" alt=\"\"\/><\/figure>\n<\/div>\n\n\n<p><strong>Ma\u00edz Dispo y Nuevo<\/strong><br>Para el ma\u00edz viejo, tomar lo que queda del diferencial de precios entre el disponible y la nueva. A\u00fan sigue habiendo alternativas de negocios a dolarizar febrero o marzo como manera de tomar ese pase. Tambi\u00e9n someter a an\u00e1lisis, la venta y compra de u$s con instrumentos financieros (AL30 o Bopreal por ejemplo) absorbiendo parte de la brecha cambiaria.<\/p>\n\n\n\n<p>Para el ma\u00edz nuevo de segunda, mirar las posiciones m\u00e1s largas para la toma de coberturas, que tienen tasas de inter\u00e9s positivas. Es decir, en vez de vender julio, vender septiembre o diciembre; no necesariamente con compromiso de mercader\u00eda; sino vender futuro como ancla de precio y en el momento de vender, desarmar cobertura sin diferencial o con el menor posible.<\/p>\n\n\n\n<ul class=\"wp-block-list\">\n<li><strong>Acarreo de trigo<\/strong><\/li>\n<\/ul>\n\n\n\n<p><strong>En Trigo<\/strong><\/p>\n\n\n\n<p>Tener trigo en stock, es sin\u00f3nimo de perder de recursos de inversi\u00f3n o de financiamiento.<\/p>\n\n\n\n<p>Ya de por si, no hay mucho trigo para la venta\u2026.&nbsp;<\/p>\n\n\n\n<p>Pero lo que hay el mercado a futuro no le da mejor precio; por ende se puede vender y recomprar a tasa 0 o directamente vender y buscarle mejor alternativa&nbsp;<\/p>\n\n\n\n<p><strong>Conclusi\u00f3n:<\/strong>&nbsp;<\/p>\n\n\n\n<p>El contexto esta vol\u00e1til y poco amigable, pero la micro retomo cierta correlaci\u00f3n con los factores macros.&nbsp;En el Mercado siempre hay cosas para hacer y alternativas para evaluar\u2026Acci\u00f3n!!<\/p>\n\n\n\n<p><strong>Por Andr\u00e9s Gosende | Coordinador Area Futuros y opciones Intagro SA \u2013 Docente Agroeducaci\u00f3n<\/strong><\/p>\n\n\n\n<figure class=\"wp-block-image size-large\"><img loading=\"lazy\" decoding=\"async\" width=\"1024\" height=\"33\" src=\"https:\/\/www.agroeducacion.com\/website\/wp-content\/uploads\/2022\/02\/image-1024x33.png\" alt=\"\" class=\"wp-image-14455\" srcset=\"https:\/\/www.agroeducacion.com\/website\/wp-content\/uploads\/2022\/02\/image-1024x33.png 1024w, https:\/\/www.agroeducacion.com\/website\/wp-content\/uploads\/2022\/02\/image-300x10.png 300w, https:\/\/www.agroeducacion.com\/website\/wp-content\/uploads\/2022\/02\/image-768x24.png 768w, https:\/\/www.agroeducacion.com\/website\/wp-content\/uploads\/2022\/02\/image-1536x49.png 1536w, https:\/\/www.agroeducacion.com\/website\/wp-content\/uploads\/2022\/02\/image.png 1886w\" sizes=\"auto, (max-width: 1024px) 100vw, 1024px\" \/><\/figure>\n\n\n\n<figure class=\"wp-block-image size-large\"><img loading=\"lazy\" decoding=\"async\" width=\"1200\" height=\"272\" src=\"https:\/\/www.agroeducacion.com\/website\/wp-content\/uploads\/2024\/02\/ezgif.com-animated-gif-maker-8.gif\" alt=\"\" class=\"wp-image-20793\"\/><\/figure>\n","protected":false},"excerpt":{"rendered":"<p>Por Andr\u00e9s Gosende | Coordinador Area Futuros y opciones Intagro SA \u2013 Docente Agroeducaci\u00f3n Dos guerras en curso en las cuales no se vislumbra fecha de culminaci\u00f3n; Inflaci\u00f3n global; China desacelerando el motor de la demanda; Terrorismo internacional; Evento ni\u00f1o (revoltoso); Brasil con merma de producci\u00f3n; Argentina sigue convulsionada pol\u00edtica y econ\u00f3micamente; falta de agua; &hellip;<\/p>\n","protected":false},"author":207,"featured_media":20791,"comment_status":"open","ping_status":"open","sticky":false,"template":"","format":"standard","meta":{"footnotes":""},"categories":[81,51,87],"tags":[],"class_list":["post-20790","post","type-post","status-publish","format-standard","has-post-thumbnail","hentry","category-destacados","category-granos","category-novedades"],"amp_enabled":true,"_links":{"self":[{"href":"https:\/\/www.agroeducacion.com\/website\/wp-json\/wp\/v2\/posts\/20790","targetHints":{"allow":["GET"]}}],"collection":[{"href":"https:\/\/www.agroeducacion.com\/website\/wp-json\/wp\/v2\/posts"}],"about":[{"href":"https:\/\/www.agroeducacion.com\/website\/wp-json\/wp\/v2\/types\/post"}],"author":[{"embeddable":true,"href":"https:\/\/www.agroeducacion.com\/website\/wp-json\/wp\/v2\/users\/207"}],"replies":[{"embeddable":true,"href":"https:\/\/www.agroeducacion.com\/website\/wp-json\/wp\/v2\/comments?post=20790"}],"version-history":[{"count":2,"href":"https:\/\/www.agroeducacion.com\/website\/wp-json\/wp\/v2\/posts\/20790\/revisions"}],"predecessor-version":[{"id":20794,"href":"https:\/\/www.agroeducacion.com\/website\/wp-json\/wp\/v2\/posts\/20790\/revisions\/20794"}],"wp:featuredmedia":[{"embeddable":true,"href":"https:\/\/www.agroeducacion.com\/website\/wp-json\/wp\/v2\/media\/20791"}],"wp:attachment":[{"href":"https:\/\/www.agroeducacion.com\/website\/wp-json\/wp\/v2\/media?parent=20790"}],"wp:term":[{"taxonomy":"category","embeddable":true,"href":"https:\/\/www.agroeducacion.com\/website\/wp-json\/wp\/v2\/categories?post=20790"},{"taxonomy":"post_tag","embeddable":true,"href":"https:\/\/www.agroeducacion.com\/website\/wp-json\/wp\/v2\/tags?post=20790"}],"curies":[{"name":"wp","href":"https:\/\/api.w.org\/{rel}","templated":true}]}}