{"id":20577,"date":"2023-12-13T08:52:19","date_gmt":"2023-12-13T11:52:19","guid":{"rendered":"https:\/\/www.agroeducacion.com\/website\/?p=20577"},"modified":"2023-12-13T08:52:21","modified_gmt":"2023-12-13T11:52:21","slug":"el-plan-milei","status":"publish","type":"post","link":"https:\/\/www.agroeducacion.com\/website\/el-plan-milei\/","title":{"rendered":"El plan Milei"},"content":{"rendered":"\n<figure class=\"wp-block-image size-large\"><img loading=\"lazy\" decoding=\"async\" width=\"1024\" height=\"427\" src=\"https:\/\/www.agroeducacion.com\/website\/wp-content\/uploads\/2023\/12\/Mesa-de-trabajo-1-1024x427.png\" alt=\"\" class=\"wp-image-20579\" srcset=\"https:\/\/www.agroeducacion.com\/website\/wp-content\/uploads\/2023\/12\/Mesa-de-trabajo-1-1024x427.png 1024w, https:\/\/www.agroeducacion.com\/website\/wp-content\/uploads\/2023\/12\/Mesa-de-trabajo-1-300x125.png 300w, https:\/\/www.agroeducacion.com\/website\/wp-content\/uploads\/2023\/12\/Mesa-de-trabajo-1-768x320.png 768w, https:\/\/www.agroeducacion.com\/website\/wp-content\/uploads\/2023\/12\/Mesa-de-trabajo-1-1536x640.png 1536w, https:\/\/www.agroeducacion.com\/website\/wp-content\/uploads\/2023\/12\/Mesa-de-trabajo-1.png 1920w\" sizes=\"auto, (max-width: 1024px) 100vw, 1024px\" \/><\/figure>\n\n\n\n<p><strong>Por Salvador Di Stefano | Director de AgroEducaci\u00f3n<\/strong><\/p>\n\n\n\n<p>Busca contraer los gastos un 3%, suben los ingresos fiscales el 2,0%, es contractivo, busca que el mercado se desprenda de d\u00f3lares. Alerta recesi\u00f3n.<\/p>\n\n\n\n<p>El gobierno buscar\u00e1 en el ancla fiscal poder encontrar la estabilidad de la econom\u00eda a futuro. La idea es bajar el gasto p\u00fablico y subir ingresos para lograr super\u00e1vit fiscal, con un mix de medidas que tengan que ver con baja de subsidios, y suba de retenciones. Por el lado del Banco Central, trabajar\u00e1 en colocar un bono a las entidades financieras con el fin de limpiar el balance del Banco Central, tambi\u00e9n le colocar\u00eda un bono en d\u00f3lares a los importadores. Alerta emisi\u00f3n de deuda. &nbsp;<\/p>\n\n\n\n<p>El gobierno apuesta a bajar el 5% el d\u00e9ficit fiscal, gracias a una baja del 3% el gasto, y una suba del 2% de los ingresos p\u00fablicos. No es un plan solo motosierra, tambi\u00e9n es recaudador.<\/p>\n\n\n\n<p>En cuanto a las importaciones se abrir\u00e1 un registro con deuda del exterior, para averiguar si dicha deuda esta cancelada o no, si estuviera cancelada no les dar\u00e1n acceso a los d\u00f3lares a los importadores. Si esta todo correcto, el Banco Central les ofrecer\u00e1 a los importadores un bono en d\u00f3lares, para contraer la cantidad de pesos en la econom\u00eda, y que se puedan cumplir las obligaciones m\u00e1s adelante.<\/p>\n\n\n\n<p>El plan econ\u00f3mico busca sacar pesos de la econom\u00eda, que los privados vendan d\u00f3lares, y tratar de que la inflaci\u00f3n sea lo m\u00e1s baja posible. &nbsp;El d\u00f3lar sube a $ 800, pero el d\u00f3lar importador tendr\u00eda un impuesto pa\u00eds del 17,5% esto implica un d\u00f3lar de $ 940. El d\u00f3lar exportador ser\u00e1 una blend de 80% d\u00f3lar mayorista y 20% CCL que dar\u00eda $ 860. El d\u00f3lar tarjeta ser\u00eda de $ 1.320 que contiene 30% impuesto pa\u00eds y 35% de adelanto de impuesto a las ganancias, este precio le pone transitoriamente un techo al d\u00f3lar blue. Las tasas quedan en el 133% anual para las colocaciones de plazo fijo, los bancos cobrar\u00e1n una tasa de 133% anual de leliq y 100% en pases. Esto es moment\u00e1neo porque se trabaja en el canje de leliq y pases por bonos del tesoro. &nbsp;El Banco Central actualizar\u00e1 el valor del d\u00f3lar a un ritmo del 2,0% mensual, que a primera vista luce muy peque\u00f1o.<\/p>\n\n\n\n<p>El balance del Banco Central tiene un activo de U$S 219.254 millones, mientras que el pasivo suma U$S 184.335 millones, y esto da como resultado un patrimonio de U$S 34.919 millones.<\/p>\n\n\n\n<p>Si medimos el activo del Banco Central con los bonos a precios de mercado en torno de 35%, tendr\u00edamos un activo real de U$S 134.228 millones.<\/p>\n\n\n\n<p>Si al pasivo del Banco Central le quitamos las leliq y los pases, para darles un bono de tesorer\u00eda dicho pasivo quedar\u00eda en U$S 113.364 millones.<\/p>\n\n\n\n<p>Esto dar\u00eda como resultado un patrimonio neto de U$S 20.864 millones, que ser\u00eda real y le dar\u00eda estabilidad a nuestra moneda.<\/p>\n\n\n\n<p>Si esto ocurre cuidado porque los d\u00f3lares alternativos podr\u00edan tranquilizarse con estas medidas. A esto habr\u00eda que sumarle que la recesi\u00f3n obligar\u00e1 al m\u00e1s pintado a vender d\u00f3lares. \u00a0<\/p>\n\n\n\n<hr class=\"wp-block-separator has-alpha-channel-opacity\"\/>\n\n\n\n<p class=\"has-text-align-center\"><strong>\u2193 REPROGRAMACI\u00d3N &#8211; Curso: El programa Econ\u00f3mico de Milei \u2193<\/strong><br>Martes 19\u00a0de Diciembre | Salvador Di Stefano<\/p>\n\n\n\n<figure class=\"wp-block-image size-large\"><a href=\"https:\/\/www.agroeducacion.com\/website\/el-programa-economico-de-milei\/\"><img loading=\"lazy\" decoding=\"async\" width=\"1200\" height=\"179\" src=\"https:\/\/www.agroeducacion.com\/website\/wp-content\/uploads\/2023\/12\/ezgif.com-gif-maker-268-1.gif\" alt=\"\" class=\"wp-image-20578\"\/><\/a><\/figure>\n\n\n\n<hr class=\"wp-block-separator has-alpha-channel-opacity\"\/>\n\n\n\n<p>Si las leliq y pases se canjean por un bono de tesorer\u00eda esto estar\u00eda generando una mayor oferta de t\u00edtulos en el mercado, y esto podr\u00eda ser bajista para el precio de los t\u00edtulos. Sin embargo, si Argentina logra con esta medida capitalizar el Banco Central y tiene super\u00e1vit fiscal en un breve periodo de tiempo, esto podr\u00eda ser muy alcista para los t\u00edtulos. El bono AL30 cotiza en torno del 37% y podr\u00eda cotizar en torno del 45% al 50% en un corto per\u00edodo de tiempo. Vender en valores entre 40% y 45% para tomar ganancias no estar\u00eda mal.<\/p>\n\n\n\n<p>Las acciones bancarias no ser\u00edan las preferidas por los inversores, probablemente las acciones ligadas a la exportaci\u00f3n tendr\u00edan m\u00e1s recorrido que las atadas al mercado interno.<\/p>\n\n\n\n<p>Otro tema interesante para analizar es la fuerte suba de los encajes en lo que va del mes de noviembre y diciembre, esto va a encarecer el costo del dinero, menos giro de negocios para los bancos, y probablemente merma en las utilidades. Los encajes pasaron de $ 1,4 a $ 2,8 billones desde octubre a la fecha. Si a esto le sumamos las probables moras por la recesi\u00f3n de mercado, parecer\u00eda que los bancos no son una buena opci\u00f3n de inversi\u00f3n.<\/p>\n\n\n\n<p><strong>Que busca el plan<\/strong><\/p>\n\n\n\n<p>.-No hay coordinaci\u00f3n de precios entre precios y salarios, se trabaja en una fuerte baja en los gastos, suba de ingresos v\u00eda impuestazo, absorci\u00f3n de pesos, fuerte suba de la inflaci\u00f3n en diciembre, y esperan una baja futura de los precios por la gran recesi\u00f3n de estas medidas en los meses de enero y febrero. Podr\u00edamos tener una inflaci\u00f3n diciembre a marzo del 100% siendo optimista.<\/p>\n\n\n\n<p>.-El gobierno cree que el ajuste fiscal y la contracci\u00f3n monetaria ser\u00e1 muy grande, por ende, la recesi\u00f3n le pondr\u00e1 un freno a la din\u00e1mica inflacionaria. No estoy tan seguro de que ello ocurra, el 50% de los trabajadores est\u00e1n en el sector informal en donde los precios ser\u00e1n flexibles. Cuidado.<\/p>\n\n\n\n<p>.-El plan no contempla aspectos productivos, seguimos teniendo un d\u00f3lar importaci\u00f3n m\u00e1s elevado que el d\u00f3lar exportador, y esto trae graves problemas a la econom\u00eda.<\/p>\n\n\n\n<p>.-El gobierno enviar\u00e1 al congreso una ley \u00f3mnibus donde van a plantear blanqueo, moratoria, y podr\u00edan adelantar el pago de bienes personales para los a\u00f1os posteriores con una baja de al\u00edcuotas.<\/p>\n\n\n\n<p>.-Por ahora, el plan se queda corto con la tasa de inter\u00e9s, y no contempla relaci\u00f3n precios salarios. Busca cortar la din\u00e1mica de actualizaci\u00f3n previsional, y deber\u00e1 enfrentar al congreso con leyes fundamentales. Muchos frentes abiertos, el d\u00f3lar blue en la apertura buscar\u00e1 estar cerca del d\u00f3lar tarjeta en $ 1.320.<\/p>\n\n\n\n<p>.-Los que siguieron nuestros consejos y tomaron deuda para comprar activos, hoy tienen la deuda licuada. La din\u00e1mica en las empresas correcta era deuda en pesos, ahorro en d\u00f3lares, la estrategia fue un \u00e9xito. Con este gobierno seguiremos encontrando espacio para ganar dinero financieramente, mientras se equivocan en el plan a desarrollar. Trabajamos solo para vos, no para la pol\u00edtica.<\/p>\n\n\n\n<p><strong><strong><strong>Por Salvador Di Stefano | Director de AgroEducaci\u00f3n<\/strong><\/strong><\/strong><\/p>\n\n\n\n<p class=\"has-text-align-center\"><strong>Curso de Postgrado en Agronegocios <\/strong><\/p>\n\n\n\n<figure class=\"wp-block-image size-large\"><img loading=\"lazy\" decoding=\"async\" width=\"1200\" height=\"179\" src=\"https:\/\/www.agroeducacion.com\/website\/wp-content\/uploads\/2023\/12\/banner-postgrado-docentes.gif\" alt=\"\" class=\"wp-image-20518\"\/><\/figure>\n\n\n\n<figure class=\"wp-block-image size-large is-resized\"><img loading=\"lazy\" decoding=\"async\" width=\"1024\" height=\"33\" src=\"https:\/\/www.agroeducacion.com\/website\/wp-content\/uploads\/2022\/02\/image-1-1024x33.png\" alt=\"\" class=\"wp-image-14456\" style=\"width:840px;height:27px\" srcset=\"https:\/\/www.agroeducacion.com\/website\/wp-content\/uploads\/2022\/02\/image-1-1024x33.png 1024w, https:\/\/www.agroeducacion.com\/website\/wp-content\/uploads\/2022\/02\/image-1-300x10.png 300w, https:\/\/www.agroeducacion.com\/website\/wp-content\/uploads\/2022\/02\/image-1-768x24.png 768w, https:\/\/www.agroeducacion.com\/website\/wp-content\/uploads\/2022\/02\/image-1-1536x49.png 1536w, https:\/\/www.agroeducacion.com\/website\/wp-content\/uploads\/2022\/02\/image-1.png 1886w\" sizes=\"auto, (max-width: 1024px) 100vw, 1024px\" \/><\/figure>\n\n\n\n<figure class=\"wp-block-image size-large\"><img loading=\"lazy\" decoding=\"async\" width=\"1024\" height=\"33\" src=\"https:\/\/www.agroeducacion.com\/website\/wp-content\/uploads\/2022\/02\/image-1024x33.png\" alt=\"\" class=\"wp-image-14455\" srcset=\"https:\/\/www.agroeducacion.com\/website\/wp-content\/uploads\/2022\/02\/image-1024x33.png 1024w, https:\/\/www.agroeducacion.com\/website\/wp-content\/uploads\/2022\/02\/image-300x10.png 300w, https:\/\/www.agroeducacion.com\/website\/wp-content\/uploads\/2022\/02\/image-768x24.png 768w, https:\/\/www.agroeducacion.com\/website\/wp-content\/uploads\/2022\/02\/image-1536x49.png 1536w, https:\/\/www.agroeducacion.com\/website\/wp-content\/uploads\/2022\/02\/image.png 1886w\" sizes=\"auto, (max-width: 1024px) 100vw, 1024px\" \/><\/figure>\n","protected":false},"excerpt":{"rendered":"<p>Por Salvador Di Stefano | Director de AgroEducaci\u00f3n Busca contraer los gastos un 3%, suben los ingresos fiscales el 2,0%, es contractivo, busca que el mercado se desprenda de d\u00f3lares. Alerta recesi\u00f3n. El gobierno buscar\u00e1 en el ancla fiscal poder encontrar la estabilidad de la econom\u00eda a futuro. La idea es bajar el gasto p\u00fablico &hellip;<\/p>\n","protected":false},"author":207,"featured_media":20580,"comment_status":"open","ping_status":"open","sticky":false,"template":"","format":"standard","meta":{"footnotes":""},"categories":[81,14,87],"tags":[],"class_list":["post-20577","post","type-post","status-publish","format-standard","has-post-thumbnail","hentry","category-destacados","category-economia","category-novedades"],"amp_enabled":true,"_links":{"self":[{"href":"https:\/\/www.agroeducacion.com\/website\/wp-json\/wp\/v2\/posts\/20577","targetHints":{"allow":["GET"]}}],"collection":[{"href":"https:\/\/www.agroeducacion.com\/website\/wp-json\/wp\/v2\/posts"}],"about":[{"href":"https:\/\/www.agroeducacion.com\/website\/wp-json\/wp\/v2\/types\/post"}],"author":[{"embeddable":true,"href":"https:\/\/www.agroeducacion.com\/website\/wp-json\/wp\/v2\/users\/207"}],"replies":[{"embeddable":true,"href":"https:\/\/www.agroeducacion.com\/website\/wp-json\/wp\/v2\/comments?post=20577"}],"version-history":[{"count":1,"href":"https:\/\/www.agroeducacion.com\/website\/wp-json\/wp\/v2\/posts\/20577\/revisions"}],"predecessor-version":[{"id":20581,"href":"https:\/\/www.agroeducacion.com\/website\/wp-json\/wp\/v2\/posts\/20577\/revisions\/20581"}],"wp:featuredmedia":[{"embeddable":true,"href":"https:\/\/www.agroeducacion.com\/website\/wp-json\/wp\/v2\/media\/20580"}],"wp:attachment":[{"href":"https:\/\/www.agroeducacion.com\/website\/wp-json\/wp\/v2\/media?parent=20577"}],"wp:term":[{"taxonomy":"category","embeddable":true,"href":"https:\/\/www.agroeducacion.com\/website\/wp-json\/wp\/v2\/categories?post=20577"},{"taxonomy":"post_tag","embeddable":true,"href":"https:\/\/www.agroeducacion.com\/website\/wp-json\/wp\/v2\/tags?post=20577"}],"curies":[{"name":"wp","href":"https:\/\/api.w.org\/{rel}","templated":true}]}}