{"id":20482,"date":"2023-11-27T08:42:56","date_gmt":"2023-11-27T11:42:56","guid":{"rendered":"https:\/\/www.agroeducacion.com\/website\/?p=20482"},"modified":"2023-11-27T09:05:04","modified_gmt":"2023-11-27T12:05:04","slug":"volatilidad-nao-tem-fim-idas-y-vueltas-climaticas-del-nuevo-lider-sojero","status":"publish","type":"post","link":"https:\/\/www.agroeducacion.com\/website\/volatilidad-nao-tem-fim-idas-y-vueltas-climaticas-del-nuevo-lider-sojero\/","title":{"rendered":"Volatilidad nao tem fim. Idas y Vueltas climaticas del nuevo l\u00edder sojero"},"content":{"rendered":"\n<figure class=\"wp-block-image size-large\"><img loading=\"lazy\" decoding=\"async\" width=\"1024\" height=\"427\" src=\"https:\/\/www.agroeducacion.com\/website\/wp-content\/uploads\/2023\/11\/Mesa-de-trabajo-1-1024x427.png\" alt=\"\" class=\"wp-image-20483\" srcset=\"https:\/\/www.agroeducacion.com\/website\/wp-content\/uploads\/2023\/11\/Mesa-de-trabajo-1-1024x427.png 1024w, https:\/\/www.agroeducacion.com\/website\/wp-content\/uploads\/2023\/11\/Mesa-de-trabajo-1-300x125.png 300w, https:\/\/www.agroeducacion.com\/website\/wp-content\/uploads\/2023\/11\/Mesa-de-trabajo-1-768x320.png 768w, https:\/\/www.agroeducacion.com\/website\/wp-content\/uploads\/2023\/11\/Mesa-de-trabajo-1-1536x640.png 1536w, https:\/\/www.agroeducacion.com\/website\/wp-content\/uploads\/2023\/11\/Mesa-de-trabajo-1.png 1920w\" sizes=\"auto, (max-width: 1024px) 100vw, 1024px\" \/><\/figure>\n\n\n\n<p><strong>Por Fernando Vuelta &#8211; Director Comercializacion Granaria Agroeducacion<\/strong><\/p>\n\n\n\n<p>Cuando cre\u00edamos que hab\u00edamos cruzado la turbulencia que nos tuvo al borde de la silla siguiendo e interpretando modelos clim\u00e1ticos todo el a\u00f1o, Brasil nos invita nuevamente a transitar la incertidumbre.<\/p>\n\n\n\n<p>No hace falta aclarar que desde la cosecha 22\/23 nuestro vecino se ha convertido en el mayor exportador de poroto de soja del mundo desplazando a EEUU con una contundente producci\u00f3n seg\u00fan datos de la CONAB de 154,6 mill. de toneladas, 29 mill de incremento interanual, que lograron compensar a nivel mundial los magros stocks del gigante del norte.&nbsp;<\/p>\n\n\n\n<p>Esto implica desde ya que el peso espec\u00edfico de la cosecha Carioca ha cobrado otra relevancia y las vicisitudes de sus ciclos productivos ser\u00e1n miradas con lupa por quienes tienen dinero puesto en este mercado.<\/p>\n\n\n\n<p>La situaci\u00f3n actual parece complicada. Los estados centrales y Norte\u00f1os de much\u00edsima importancia productiva como Mato Groso o del Sur como Paran\u00e1,&nbsp; donde se registran escasas lluvias y excesos h\u00eddricos respectivamente, hacen dudar de la capacidad de los mismos de alcanzar los objetivos inicialmente esbozados por la CONAB.<\/p>\n\n\n\n<p>Solo como muestra para tomar conciencia de la relevancia de los estados mencionados, entre ambos representan el 40% de la superficie cultivada y el volumen producido sobre el total. Su influencia se asemeja a la de los estados principales del Corn Belt como Illinois, Iowa o Minessota en la producci\u00f3n Norteamericana.<\/p>\n\n\n\n<p>Sin embargo cabe preguntarse: estamos en condiciones de asegurar una gran ca\u00edda productiva como para irnos fuertemente comprados a un rally 2024?&nbsp;<\/p>\n\n\n\n<p>Realmente hoy no est\u00e1n hoy dadas las condiciones para asegurar m\u00e1s que volatilidad, que dista mucho de pronosticar per se una escalada de precios.<\/p>\n\n\n\n<p>Como muestra tenemos la historia reciente, donde desde EEUU tuvimos bombardeos constantes durante todo el weather market sobre sequ\u00eda, potencial de p\u00e9rdidas productivas y cultivos muy afectados y sin embargo cuando las m\u00e1quinas entraron sorprendieron con un rinde de tendencia. Cabe preguntarse si en un a\u00f1o como el 2023 lograron rindes de tendencia, que pasar\u00eda con una campa\u00f1a normal\u2026<\/p>\n\n\n\n<p>En definitiva no deber\u00edamos confiarnos en que el mal ajeno va a disparar nuestros beneficios v\u00eda precios, cerrar filas cuando las oportunidades existen es mandatorio en este negocio y estamos definitivamente frente a muchas de ellas.<\/p>\n\n\n\n<hr class=\"wp-block-separator has-alpha-channel-opacity\"\/>\n\n\n\n<p class=\"has-text-align-center\"><strong>\u2193 WORKSHOP EN COMERCIALIZACI\u00d3N GRANARIA \u2193<\/strong><br>Viernes 1 de Diciembre | Marcelo Artal y Fernando Vuelta<\/p>\n\n\n\n<figure class=\"wp-block-image size-large\"><a href=\"https:\/\/www.agroeducacion.com\/website\/workshop-en-comercializacion-granaria\/\"><img loading=\"lazy\" decoding=\"async\" width=\"1200\" height=\"179\" src=\"https:\/\/www.agroeducacion.com\/website\/wp-content\/uploads\/2023\/11\/ezgif.com-gif-maker-263.gif\" alt=\"\" class=\"wp-image-20485\"\/><\/a><\/figure>\n\n\n\n<hr class=\"wp-block-separator has-alpha-channel-opacity\"\/>\n\n\n\n<p class=\"has-medium-font-size\"><strong>Dos grandes luces verdes se prenden para operar coberturas en este entorno vol\u00e1til.<\/strong><\/p>\n\n\n\n<p>La primera es el Fas te\u00f3rico de soja Mayo 2024 que seg\u00fan c\u00e1lculos de la Bolsa de Comercio de Rosario oscila entre 298 y 302 cuando en Rofex cotiza por encima de los usd 340.<\/p>\n\n\n\n<p>La segunda es que la toma de coberturas v\u00eda Rofex se hace a d\u00f3lar oficial A3500 mientras los productos que vendemos est\u00e1n a Tc diferencial, por lo tanto las primas se encuentran extremadamente baratas e invitan a entrar logrando buenos pisos y coberturas a la suba que no deber\u00edan ignorarse.<\/p>\n\n\n\n<p>Parad\u00f3jicamente dos de los grandes dolores de cabeza que hemos tenido en el negocio como el clima y el tipo de cambio diferencial, nos est\u00e1n regalando un veranito para que aprovechemos a bajar riesgo precio.&nbsp;<\/p>\n\n\n\n<p>Estar\u00e1 en nosotros decidir si miramos desde la tribuna o jugamos este partido donde aparentemente la cancha est\u00e1 inclinada a nuestro favor.<\/p>\n\n\n\n<p><strong><strong><strong>Por Fernando Vuelta &#8211; Director Comercializacion Granaria Agroeducacion<\/strong><\/strong><\/strong><\/p>\n\n\n\n<p class=\"has-text-align-center\"><strong>\u2193<\/strong> <strong>CURSO DE POSTGRADO EN AGRONEGOCIOS<\/strong> <strong>\u2193<\/strong><br>ABIERTA LA INSCRIPCI\u00d3N | APROVECH\u00c1 EL VALOR 2023<\/p>\n\n\n\n<figure class=\"wp-block-image size-full is-resized\"><a href=\"https:\/\/www.agroeducacion.com\/postgrado\/\"><img loading=\"lazy\" decoding=\"async\" width=\"1200\" height=\"179\" src=\"https:\/\/www.agroeducacion.com\/website\/wp-content\/uploads\/2023\/11\/ezgif.com-gif-maker-264.gif\" alt=\"\" class=\"wp-image-20432\" style=\"width:843px;height:121px\"\/><\/a><\/figure>\n\n\n\n<figure class=\"wp-block-image size-large is-resized\"><img loading=\"lazy\" decoding=\"async\" width=\"1024\" height=\"33\" src=\"https:\/\/www.agroeducacion.com\/website\/wp-content\/uploads\/2022\/02\/image-1-1024x33.png\" alt=\"\" class=\"wp-image-14456\" style=\"width:840px;height:27px\" srcset=\"https:\/\/www.agroeducacion.com\/website\/wp-content\/uploads\/2022\/02\/image-1-1024x33.png 1024w, https:\/\/www.agroeducacion.com\/website\/wp-content\/uploads\/2022\/02\/image-1-300x10.png 300w, https:\/\/www.agroeducacion.com\/website\/wp-content\/uploads\/2022\/02\/image-1-768x24.png 768w, https:\/\/www.agroeducacion.com\/website\/wp-content\/uploads\/2022\/02\/image-1-1536x49.png 1536w, https:\/\/www.agroeducacion.com\/website\/wp-content\/uploads\/2022\/02\/image-1.png 1886w\" sizes=\"auto, (max-width: 1024px) 100vw, 1024px\" \/><\/figure>\n\n\n\n<figure class=\"wp-block-image size-large\"><img loading=\"lazy\" decoding=\"async\" width=\"1024\" height=\"33\" src=\"https:\/\/www.agroeducacion.com\/website\/wp-content\/uploads\/2022\/02\/image-1024x33.png\" alt=\"\" class=\"wp-image-14455\" srcset=\"https:\/\/www.agroeducacion.com\/website\/wp-content\/uploads\/2022\/02\/image-1024x33.png 1024w, https:\/\/www.agroeducacion.com\/website\/wp-content\/uploads\/2022\/02\/image-300x10.png 300w, https:\/\/www.agroeducacion.com\/website\/wp-content\/uploads\/2022\/02\/image-768x24.png 768w, https:\/\/www.agroeducacion.com\/website\/wp-content\/uploads\/2022\/02\/image-1536x49.png 1536w, https:\/\/www.agroeducacion.com\/website\/wp-content\/uploads\/2022\/02\/image.png 1886w\" sizes=\"auto, (max-width: 1024px) 100vw, 1024px\" \/><\/figure>\n","protected":false},"excerpt":{"rendered":"<p>Por Fernando Vuelta &#8211; Director Comercializacion Granaria Agroeducacion Cuando cre\u00edamos que hab\u00edamos cruzado la turbulencia que nos tuvo al borde de la silla siguiendo e interpretando modelos clim\u00e1ticos todo el a\u00f1o, Brasil nos invita nuevamente a transitar la incertidumbre. No hace falta aclarar que desde la cosecha 22\/23 nuestro vecino se ha convertido en el &hellip;<\/p>\n","protected":false},"author":207,"featured_media":20483,"comment_status":"open","ping_status":"open","sticky":false,"template":"","format":"standard","meta":{"footnotes":""},"categories":[81,51,87],"tags":[],"class_list":["post-20482","post","type-post","status-publish","format-standard","has-post-thumbnail","hentry","category-destacados","category-granos","category-novedades"],"amp_enabled":true,"_links":{"self":[{"href":"https:\/\/www.agroeducacion.com\/website\/wp-json\/wp\/v2\/posts\/20482","targetHints":{"allow":["GET"]}}],"collection":[{"href":"https:\/\/www.agroeducacion.com\/website\/wp-json\/wp\/v2\/posts"}],"about":[{"href":"https:\/\/www.agroeducacion.com\/website\/wp-json\/wp\/v2\/types\/post"}],"author":[{"embeddable":true,"href":"https:\/\/www.agroeducacion.com\/website\/wp-json\/wp\/v2\/users\/207"}],"replies":[{"embeddable":true,"href":"https:\/\/www.agroeducacion.com\/website\/wp-json\/wp\/v2\/comments?post=20482"}],"version-history":[{"count":2,"href":"https:\/\/www.agroeducacion.com\/website\/wp-json\/wp\/v2\/posts\/20482\/revisions"}],"predecessor-version":[{"id":20487,"href":"https:\/\/www.agroeducacion.com\/website\/wp-json\/wp\/v2\/posts\/20482\/revisions\/20487"}],"wp:featuredmedia":[{"embeddable":true,"href":"https:\/\/www.agroeducacion.com\/website\/wp-json\/wp\/v2\/media\/20483"}],"wp:attachment":[{"href":"https:\/\/www.agroeducacion.com\/website\/wp-json\/wp\/v2\/media?parent=20482"}],"wp:term":[{"taxonomy":"category","embeddable":true,"href":"https:\/\/www.agroeducacion.com\/website\/wp-json\/wp\/v2\/categories?post=20482"},{"taxonomy":"post_tag","embeddable":true,"href":"https:\/\/www.agroeducacion.com\/website\/wp-json\/wp\/v2\/tags?post=20482"}],"curies":[{"name":"wp","href":"https:\/\/api.w.org\/{rel}","templated":true}]}}