{"id":18355,"date":"2023-02-28T12:13:00","date_gmt":"2023-02-28T15:13:00","guid":{"rendered":"https:\/\/www.agroeducacion.com\/website\/?p=18355"},"modified":"2024-05-13T09:14:34","modified_gmt":"2024-05-13T12:14:34","slug":"finanzas-en-el-agro-para-no-financieros","status":"publish","type":"post","link":"https:\/\/www.agroeducacion.com\/website\/finanzas-en-el-agro-para-no-financieros\/","title":{"rendered":"Finanzas en el Agro para \u00abNo Financieros\u00bb"},"content":{"rendered":"\n<figure class=\"wp-block-image size-large\"><img loading=\"lazy\" decoding=\"async\" width=\"1024\" height=\"513\" src=\"https:\/\/www.agroeducacion.com\/website\/wp-content\/uploads\/2023\/03\/DIFERIDO-1-1024x513.png\" alt=\"\" class=\"wp-image-18552\" srcset=\"https:\/\/www.agroeducacion.com\/website\/wp-content\/uploads\/2023\/03\/DIFERIDO-1-1024x513.png 1024w, https:\/\/www.agroeducacion.com\/website\/wp-content\/uploads\/2023\/03\/DIFERIDO-1-300x150.png 300w, https:\/\/www.agroeducacion.com\/website\/wp-content\/uploads\/2023\/03\/DIFERIDO-1-768x385.png 768w, https:\/\/www.agroeducacion.com\/website\/wp-content\/uploads\/2023\/03\/DIFERIDO-1-1536x770.png 1536w, https:\/\/www.agroeducacion.com\/website\/wp-content\/uploads\/2023\/03\/DIFERIDO-1.png 1921w\" sizes=\"auto, (max-width: 1024px) 100vw, 1024px\" \/><\/figure>\n\n\n\n<p style=\"font-style:normal;font-weight:700\">OBJETIVO<\/p>\n\n\n\n<p>Construir los cimientos del conocimiento financiero, para cuidar y expandir los m\u00e1rgenes de tu empresa agropecuaria, en un lenguaje simple para no especialistas.&nbsp;<\/p>\n\n\n\n<p class=\"has-text-align-center\"><strong>\u2193\u2193&nbsp;M\u00f3nica Ortolani te invita a participar del curso&nbsp;\u2193\u2193<\/strong><\/p>\n\n\n\n<figure class=\"wp-block-embed is-type-video is-provider-vimeo wp-block-embed-vimeo wp-embed-aspect-16-9 wp-has-aspect-ratio\"><div class=\"wp-block-embed__wrapper\">\n<iframe loading=\"lazy\" title=\"Promo Diferido - Finanzas en el Agro para &quot;No Financieros&quot;\" src=\"https:\/\/player.vimeo.com\/video\/804260904?h=b6eaf89e98&amp;dnt=1&amp;app_id=122963\" width=\"500\" height=\"281\" frameborder=\"0\" allow=\"autoplay; fullscreen; picture-in-picture; clipboard-write\"><\/iframe>\n<\/div><\/figure>\n\n\n\n<p style=\"font-style:normal;font-weight:700\">TEMARIO<\/p>\n\n\n\n<ul class=\"wp-block-list\">\n<li>El ABC de las tasas de inter\u00e9s. \u00bfQu\u00e9 tasas existen? \u00bfC\u00f3mo se calculan? \u00bfQu\u00e9 tasas analizar y comparar para mejorar tus m\u00e1rgenes? \u00bfPor qu\u00e9 es \u00fatil identificarlas?&nbsp;<\/li>\n\n\n\n<li>Analizando tasas en las decisiones de financiamiento para compra de insumos.&nbsp;<\/li>\n\n\n\n<li>Diferentes herramientas financieras. Foco en canjes. Casos pr\u00e1cticos&nbsp;<\/li>\n\n\n\n<li>Analizando tasas en las decisiones de precios de tus granos.&nbsp;<\/li>\n\n\n\n<li>\u00bfMe conviene vender disponible o futuro? \u00bfC\u00f3mo analizarlo?&nbsp;<\/li>\n\n\n\n<li>\u00bfC\u00f3mo impactan las intervenciones?&nbsp;<\/li>\n\n\n\n<li>Casos pr\u00e1cticos&nbsp;<\/li>\n<\/ul>\n\n\n\n<p style=\"font-style:normal;font-weight:700\">DOCENTE<\/p>\n\n\n\n<p><strong>M\u00f3nica Ortolani<\/strong><\/p>\n\n\n\n<p>Directora Tonica On line <strong>Contadora P\u00fablica Nacional <\/strong>(UNR), <strong>Programa en Direcci\u00f3n Gerencial <\/strong>(Univ. Austral), <strong>Posgrado en Agronegocios y Alimentos <\/strong>(UBA) y <strong>Diplomatura en Comercio Exterior <\/strong>(Univ. Siglo XXI). <strong>Coach Ontol\u00f3gico Profesional con dise\u00f1o Organizacional&nbsp;<\/strong><\/p>\n\n\n\n<hr class=\"wp-block-separator has-alpha-channel-opacity\"\/>\n\n\n\n<h2 class=\"wp-block-heading\"><strong>Metodolog\u00eda de Cursa<\/strong>do<\/h2>\n\n\n\n<p><strong>A distancia en Diferido:<\/strong>&nbsp;Grabaci\u00f3n de la clase para ver en otro momento, cu\u00e1ndo y d\u00f3nde quieras.<br>Disponible en la plataforma de alumno, 24 hs. despu\u00e9s del curso durante 4 meses sin l\u00edmites de entrada.<\/p>\n\n\n\n<p><strong>La modalidad en diferido es para todos los alumnos inscriptos al curso independientemente que hayan participado presencialmente, a distancia o lo tomen directamente en diferido.<\/strong><\/p>\n\n\n\n<p><strong>Para inscripciones<\/strong>&nbsp;segu\u00ed los pasos de inscripci\u00f3n, en caso de tener alguna consulta o duda<br>comun\u00edcate con nuestro equipo de Agroeducaci\u00f3n:<br>Cursos y Conferencias: Camila \u2013 info@agroeducacion.com \u2013 WA. +54 9 341 5593990<br><\/p>\n\n\n\n<p class=\"has-text-align-center has-white-color has-text-color has-background has-medium-font-size\" style=\"background-color:#2c323f\">VALOR:  $10.000 \/\/  U$D 50<\/p>\n\n\n\n<p class=\"has-text-align-center has-small-font-size\"><strong>Sin cargo<\/strong> Alumnos del Curso de Postgrado en Agronegocios<br><strong>Sin cargo<\/strong> Alumnos del Programa en Finanzas<br><strong>Media Beca<\/strong> Socios Agroeducaci\u00f3n<\/p>\n\n\n\n<div class=\"wp-block-columns is-layout-flex wp-container-core-columns-is-layout-9d6595d7 wp-block-columns-is-layout-flex\">\n<div class=\"wp-block-column is-layout-flow wp-block-column-is-layout-flow\" style=\"flex-basis:100%\"><div class=\"wp-block-image\">\n<figure class=\"aligncenter size-large is-resized\"><a href=\"https:\/\/agroeducacion.3gmatika.com\/inscripcion\/?idcurso=670\"><img decoding=\"async\" src=\"https:\/\/www.agroeducacion.com\/website\/wp-content\/uploads\/2023\/01\/ezgif.com-gif-maker-145-1024x137.gif\" alt=\"\" class=\"wp-image-18135\" width=\"450\" srcset=\"https:\/\/www.agroeducacion.com\/website\/wp-content\/uploads\/2023\/01\/ezgif.com-gif-maker-145-1024x137.gif 1024w, https:\/\/www.agroeducacion.com\/website\/wp-content\/uploads\/2023\/01\/ezgif.com-gif-maker-145-300x40.gif 300w, https:\/\/www.agroeducacion.com\/website\/wp-content\/uploads\/2023\/01\/ezgif.com-gif-maker-145-768x102.gif 768w\" sizes=\"(max-width: 1024px) 100vw, 1024px\" \/><\/a><\/figure>\n<\/div><\/div>\n<\/div>\n\n\n\n<p><\/p>\n\n\n\n<hr class=\"wp-block-separator has-css-opacity\"\/>\n\n\n\n<p class=\"has-text-align-center has-small-font-size\">Este curso forma parte del <a href=\"https:\/\/www.agroeducacion.com\/programa-finanzas\/\">Programa en Finanzas<\/a><strong>, <\/strong>programa anual orientado a dotar a los asistentes de herramientas concretas, de uso pr\u00e1ctico en las empresas del agro, a los efectos de optimizar el uso del endeudamiento de diverso origen.&nbsp; <br>Identificando distintas fuentes de financiamiento, estrategias, y costos asociados.&nbsp;<\/p>\n\n\n\n<figure class=\"wp-block-image size-large\"><a href=\"https:\/\/www.agroeducacion.com\/programa-finanzas\/\"><img loading=\"lazy\" decoding=\"async\" width=\"1024\" height=\"162\" src=\"https:\/\/www.agroeducacion.com\/website\/wp-content\/uploads\/2023\/02\/PROGRAMA-FINANZAS-1024x162.gif\" alt=\"\" class=\"wp-image-18244\" srcset=\"https:\/\/www.agroeducacion.com\/website\/wp-content\/uploads\/2023\/02\/PROGRAMA-FINANZAS-1024x162.gif 1024w, https:\/\/www.agroeducacion.com\/website\/wp-content\/uploads\/2023\/02\/PROGRAMA-FINANZAS-300x48.gif 300w, https:\/\/www.agroeducacion.com\/website\/wp-content\/uploads\/2023\/02\/PROGRAMA-FINANZAS-768x122.gif 768w\" sizes=\"auto, (max-width: 1024px) 100vw, 1024px\" \/><\/a><\/figure>\n","protected":false},"excerpt":{"rendered":"<p>OBJETIVO Construir los cimientos del conocimiento financiero, para cuidar y expandir los m\u00e1rgenes de tu empresa agropecuaria, en un lenguaje simple para no especialistas.&nbsp; \u2193\u2193&nbsp;M\u00f3nica Ortolani te invita a participar del curso&nbsp;\u2193\u2193 TEMARIO El ABC de las tasas de inter\u00e9s. \u00bfQu\u00e9 tasas existen? \u00bfC\u00f3mo se calculan? \u00bfQu\u00e9 tasas analizar y comparar para mejorar tus m\u00e1rgenes? &hellip;<\/p>\n","protected":false},"author":207,"featured_media":18552,"comment_status":"open","ping_status":"open","sticky":false,"template":"","format":"standard","meta":{"footnotes":""},"categories":[1],"tags":[],"class_list":["post-18355","post","type-post","status-publish","format-standard","has-post-thumbnail","hentry","category-contenido-exclusivo"],"amp_enabled":true,"_links":{"self":[{"href":"https:\/\/www.agroeducacion.com\/website\/wp-json\/wp\/v2\/posts\/18355","targetHints":{"allow":["GET"]}}],"collection":[{"href":"https:\/\/www.agroeducacion.com\/website\/wp-json\/wp\/v2\/posts"}],"about":[{"href":"https:\/\/www.agroeducacion.com\/website\/wp-json\/wp\/v2\/types\/post"}],"author":[{"embeddable":true,"href":"https:\/\/www.agroeducacion.com\/website\/wp-json\/wp\/v2\/users\/207"}],"replies":[{"embeddable":true,"href":"https:\/\/www.agroeducacion.com\/website\/wp-json\/wp\/v2\/comments?post=18355"}],"version-history":[{"count":11,"href":"https:\/\/www.agroeducacion.com\/website\/wp-json\/wp\/v2\/posts\/18355\/revisions"}],"predecessor-version":[{"id":18560,"href":"https:\/\/www.agroeducacion.com\/website\/wp-json\/wp\/v2\/posts\/18355\/revisions\/18560"}],"wp:featuredmedia":[{"embeddable":true,"href":"https:\/\/www.agroeducacion.com\/website\/wp-json\/wp\/v2\/media\/18552"}],"wp:attachment":[{"href":"https:\/\/www.agroeducacion.com\/website\/wp-json\/wp\/v2\/media?parent=18355"}],"wp:term":[{"taxonomy":"category","embeddable":true,"href":"https:\/\/www.agroeducacion.com\/website\/wp-json\/wp\/v2\/categories?post=18355"},{"taxonomy":"post_tag","embeddable":true,"href":"https:\/\/www.agroeducacion.com\/website\/wp-json\/wp\/v2\/tags?post=18355"}],"curies":[{"name":"wp","href":"https:\/\/api.w.org\/{rel}","templated":true}]}}