{"id":17926,"date":"2022-12-21T11:06:06","date_gmt":"2022-12-21T14:06:06","guid":{"rendered":"https:\/\/www.agroeducacion.com\/website\/?p=17926"},"modified":"2022-12-21T11:06:16","modified_gmt":"2022-12-21T14:06:16","slug":"no-son-villancicos-pero-si-los-recitales-del-mercado","status":"publish","type":"post","link":"https:\/\/www.agroeducacion.com\/website\/no-son-villancicos-pero-si-los-recitales-del-mercado\/","title":{"rendered":"No son villancicos, pero si los recitales del mercado"},"content":{"rendered":"\n<figure class=\"wp-block-image size-large\"><img loading=\"lazy\" decoding=\"async\" width=\"1024\" height=\"427\" src=\"https:\/\/www.agroeducacion.com\/website\/wp-content\/uploads\/2022\/12\/villancicos-1-1024x427.png\" alt=\"\" class=\"wp-image-17928\" srcset=\"https:\/\/www.agroeducacion.com\/website\/wp-content\/uploads\/2022\/12\/villancicos-1-1024x427.png 1024w, https:\/\/www.agroeducacion.com\/website\/wp-content\/uploads\/2022\/12\/villancicos-1-300x125.png 300w, https:\/\/www.agroeducacion.com\/website\/wp-content\/uploads\/2022\/12\/villancicos-1-768x320.png 768w, https:\/\/www.agroeducacion.com\/website\/wp-content\/uploads\/2022\/12\/villancicos-1-1536x640.png 1536w, https:\/\/www.agroeducacion.com\/website\/wp-content\/uploads\/2022\/12\/villancicos-1.png 1920w\" sizes=\"auto, (max-width: 1024px) 100vw, 1024px\" \/><\/figure>\n\n\n\n<p><strong>Por Celina Mesquida VanNewkirk &#8211; R.J. O\u2019Brien &amp; Associates y Directora de AgroEducaci\u00f3n<\/strong><\/p>\n\n\n\n<p>Los mapas meteorol\u00f3gicos para Argentina de acuerdo con el regreso a un patr\u00f3n m\u00e1s seco y esto sacude el mercado, adem\u00e1s USA parece un poco m\u00e1s atractivo en los valores FOB ya que Sudam\u00e9rica agota sus suministros en lo que llegan sus nuevas producciones. Le agregamos ayuda desde los macros y un d\u00f3lar m\u00e1s d\u00e9bil y encontramos f\u00e1cilmente un impulsor para perseguir subas, aunque estas est\u00e9n dentro de los \u00faltimos rangos visitados.<\/p>\n\n\n\n<p>En el mercado circulan rumores de China intensificando compras desde USA por temor a la producci\u00f3n argentina, y si bien ese puede terminar siendo el caso, creemos que esas p\u00e9rdidas est\u00e1n m\u00e1s que compensadas con las ganancias de producci\u00f3n en Brasil y Paraguay en comparaci\u00f3n con el a\u00f1o pasado. Una especie de percepci\u00f3n frente a la realidad, ya que todos parecen estar centrados en el clima argentino.&nbsp;<\/p>\n\n\n\n<p>Tambi\u00e9n se habl\u00f3 de China aumentando compras, pero los casos de COVID contin\u00faan incrementando; y revisando los n\u00fameros\u2026 desde enero a noviembre, China ha importado 23,5 mill de t de soja desde USA frente a 26,2 mill de t hace un a\u00f1o, mientras que las importaciones desde Brasil se ubican en los 51,8 mill de t frente a 56 en este momento el a\u00f1o pasado. Los m\u00e1rgenes de producci\u00f3n de cerdo y de molienda de soja China contin\u00faan bajo presi\u00f3n y eso perjudica los m\u00e1rgenes de importaci\u00f3n, en consecuencia, pone en duda la demanda en general. Eventualmente China despegar\u00e1 de este pozo, pero el horizonte parece m\u00e1s lejano y sombr\u00edo que hace un mes.<\/p>\n\n\n\n<p>El mercado est\u00e1 prestando atenci\u00f3n al incremento en las bases FOB de maiz desde Argentina, con esto USA parece un poco m\u00e1s competitivo para enero, febrero y marzo. USA solo ha comprometido un 48% de su libro de exportaci\u00f3n de maiz as\u00ed que tiene mucho espacio que mejorar antes de sentirse el rey del mercado del maiz. Por su parte, entre chismes nos enteramos de que Brasil export\u00f3 unas 1,15 mill de t de maiz a China y adem\u00e1s la UE ha importado 13,46 mill de t desde julio, un incremento de 105% interanual.<\/p>\n\n\n\n<p>Sin duda el mercado ya en modo vacaciones, Argentina celebra la copa del mundo y los precios tratan de encontrar un refugio no tan seguro para ubicarse, la liquidez se adelgaza y los movimientos pueden ser bruscos. La demanda a largo plazo es una inc\u00f3gnita y la ventana de exportaci\u00f3n de USA tiende a cerrarse ante la gran amenaza de la producci\u00f3n de Brasil. No hay duda de que los usuarios finales necesitan cobertura, pero nadie siente premura. Controla tus m\u00e1rgenes y toma coberturas<\/p>\n\n\n\n<p>\u00a1Muchas felicidades!<\/p>\n\n\n\n<p><strong>Por Celina Mesquida VanNewkirk &#8211; R.J. O\u2019Brien &amp; Associates y Directora de AgroEducaci\u00f3n<\/strong>.<\/p>\n\n\n\n<figure class=\"wp-block-image size-large\"><a href=\"https:\/\/www.agroeducacion.com\/postgrado\/\"><img loading=\"lazy\" decoding=\"async\" width=\"1024\" height=\"114\" src=\"https:\/\/www.agroeducacion.com\/website\/wp-content\/uploads\/2022\/02\/OPTIMIZADO-ZOCALO-postgrado-2022-1024x114.jpg\" alt=\"\" class=\"wp-image-14433\" srcset=\"https:\/\/www.agroeducacion.com\/website\/wp-content\/uploads\/2022\/02\/OPTIMIZADO-ZOCALO-postgrado-2022-1024x114.jpg 1024w, https:\/\/www.agroeducacion.com\/website\/wp-content\/uploads\/2022\/02\/OPTIMIZADO-ZOCALO-postgrado-2022-300x33.jpg 300w, https:\/\/www.agroeducacion.com\/website\/wp-content\/uploads\/2022\/02\/OPTIMIZADO-ZOCALO-postgrado-2022-768x85.jpg 768w, https:\/\/www.agroeducacion.com\/website\/wp-content\/uploads\/2022\/02\/OPTIMIZADO-ZOCALO-postgrado-2022.jpg 1440w\" sizes=\"auto, (max-width: 1024px) 100vw, 1024px\" \/><\/a><\/figure>\n\n\n\n<p style=\"font-size:12px\">R. J. O&#8217;Brien &amp; Associates, LLC Disclaimer:&nbsp;This material has been prepared by a sales or trading employee or agent of RJO \u2019Brien and is, or is, a solicitation. This material is not a research report prepared by RJO\u2019Brien. By accepting this communication, you agree that you are an experienced user of the futures markets, capable of making independent trading decisions, and agree that you are not, and will not, rely solely on this communication in making trading decisions.<\/p>\n\n\n\n<p style=\"font-size:12px\">DISTRIBUTION IN SOME JURISDICTIONS MAY BE PROHIBITED OR RESTRICTED BY LAW. PERSONS IN POSSESSION OF THIS COMMUNICATION INDIRECTLY SHOULD INFORM THEMSELVES ABOUT AND OBSERVE ANY SUCH PROHIBITION OR RESTRICTIONS. TO THE EXTENT THAT YOU HAVE RECEIVED THIS COMMUNICATION INDIRECTLY AND SOLICITATIONS ARE PROHIBITED IN YOUR JURISDICTION WITHOUT REGISTRATION, THE MARKET COMMENTARY IN THIS COMMUNICATION SHOULD NOT BE CONSIDERED A SOLICITATION.<\/p>\n\n\n\n<p style=\"font-size:12px\">The risk of loss in trading futures and\/or options is substantial and each investor and\/or trader must consider whether this is a suitable investment. Past performance, whether actual or indicated by simulated historical tests of strategies, is not indicative of future results. Trading advice is based on information taken from trades and statistical services and other sources that RJO\u2019Brien believes are reliable. We do not guarantee that such information is accurate or complete and it should not be relied upon as such. Trading advice reflects our good faith judgment at a specific time and is subject to change without notice. There is no guarantee that the advice we give will result in profitable trades.<\/p>\n","protected":false},"excerpt":{"rendered":"<p>Por Celina Mesquida VanNewkirk &#8211; R.J. O\u2019Brien &amp; Associates y Directora de AgroEducaci\u00f3n Los mapas meteorol\u00f3gicos para Argentina de acuerdo con el regreso a un patr\u00f3n m\u00e1s seco y esto sacude el mercado, adem\u00e1s USA parece un poco m\u00e1s atractivo en los valores FOB ya que Sudam\u00e9rica agota sus suministros en lo que llegan sus &hellip;<\/p>\n","protected":false},"author":207,"featured_media":17927,"comment_status":"open","ping_status":"open","sticky":false,"template":"","format":"standard","meta":{"footnotes":""},"categories":[81,51,87],"tags":[],"class_list":["post-17926","post","type-post","status-publish","format-standard","has-post-thumbnail","hentry","category-destacados","category-granos","category-novedades"],"amp_enabled":true,"_links":{"self":[{"href":"https:\/\/www.agroeducacion.com\/website\/wp-json\/wp\/v2\/posts\/17926","targetHints":{"allow":["GET"]}}],"collection":[{"href":"https:\/\/www.agroeducacion.com\/website\/wp-json\/wp\/v2\/posts"}],"about":[{"href":"https:\/\/www.agroeducacion.com\/website\/wp-json\/wp\/v2\/types\/post"}],"author":[{"embeddable":true,"href":"https:\/\/www.agroeducacion.com\/website\/wp-json\/wp\/v2\/users\/207"}],"replies":[{"embeddable":true,"href":"https:\/\/www.agroeducacion.com\/website\/wp-json\/wp\/v2\/comments?post=17926"}],"version-history":[{"count":1,"href":"https:\/\/www.agroeducacion.com\/website\/wp-json\/wp\/v2\/posts\/17926\/revisions"}],"predecessor-version":[{"id":17929,"href":"https:\/\/www.agroeducacion.com\/website\/wp-json\/wp\/v2\/posts\/17926\/revisions\/17929"}],"wp:featuredmedia":[{"embeddable":true,"href":"https:\/\/www.agroeducacion.com\/website\/wp-json\/wp\/v2\/media\/17927"}],"wp:attachment":[{"href":"https:\/\/www.agroeducacion.com\/website\/wp-json\/wp\/v2\/media?parent=17926"}],"wp:term":[{"taxonomy":"category","embeddable":true,"href":"https:\/\/www.agroeducacion.com\/website\/wp-json\/wp\/v2\/categories?post=17926"},{"taxonomy":"post_tag","embeddable":true,"href":"https:\/\/www.agroeducacion.com\/website\/wp-json\/wp\/v2\/tags?post=17926"}],"curies":[{"name":"wp","href":"https:\/\/api.w.org\/{rel}","templated":true}]}}