{"id":17593,"date":"2022-11-22T09:58:04","date_gmt":"2022-11-22T12:58:04","guid":{"rendered":"https:\/\/www.agroeducacion.com\/website\/?p=17593"},"modified":"2022-11-22T09:58:59","modified_gmt":"2022-11-22T12:58:59","slug":"desde-abril-el-precio-de-la-exportacion-de-carne-no-encuentra-piso","status":"publish","type":"post","link":"https:\/\/www.agroeducacion.com\/website\/desde-abril-el-precio-de-la-exportacion-de-carne-no-encuentra-piso\/","title":{"rendered":"Desde Abril, el precio de la exportaci\u00f3n de carne no encuentra piso"},"content":{"rendered":"\n<figure class=\"wp-block-image size-full\"><img loading=\"lazy\" decoding=\"async\" width=\"1004\" height=\"565\" src=\"https:\/\/www.agroeducacion.com\/website\/wp-content\/uploads\/2022\/11\/6130a07e4e1c6_1200.jpg\" alt=\"\" class=\"wp-image-17594\" srcset=\"https:\/\/www.agroeducacion.com\/website\/wp-content\/uploads\/2022\/11\/6130a07e4e1c6_1200.jpg 1004w, https:\/\/www.agroeducacion.com\/website\/wp-content\/uploads\/2022\/11\/6130a07e4e1c6_1200-300x169.jpg 300w, https:\/\/www.agroeducacion.com\/website\/wp-content\/uploads\/2022\/11\/6130a07e4e1c6_1200-768x432.jpg 768w, https:\/\/www.agroeducacion.com\/website\/wp-content\/uploads\/2022\/11\/6130a07e4e1c6_1200-390x220.jpg 390w\" sizes=\"auto, (max-width: 1004px) 100vw, 1004px\" \/><\/figure>\n\n\n\n<p><strong>Por Ignacio Iriarte<\/strong> <strong>| Analista Mercado Ganadero<\/strong><\/p>\n\n\n\n<p>En octubre, la faena de vacas cay\u00f3 un 7,8% con respecto a igual mes del a\u00f1o pasado, probablemente por la reticencia de los productores a vender despu\u00e9s de la abrupta baja de los valores de esta categor\u00eda, afectada por el derrumbe de las ventas a China.<\/p>\n\n\n\n<p>Se sostuvo la oferta de novillos, pero subi\u00f3 un 7,6% la de novillitos y un 4,3% la de vaquillonas, en su mayor\u00eda provenientes del&nbsp;<em>feedlot<\/em>.<\/p>\n\n\n\n<p>Sigue bajando la faena de terneros, que se ubic\u00f3 en octubre un 8% por debajo del a\u00f1o pasado.<\/p>\n\n\n\n<p>Seg\u00fan el bolet\u00edn de la Asociaci\u00f3n de Productores Exportadores Argentinos (Apea), desde abril \u00faltimo los precios FOB de la carne destinada a China han ca\u00eddo de la siguiente manera: garr\u00f3n y brazuelo, 38%; vaca (17 cortes), 33%; vaca (5 cortes), 35%; bola y cuadrada, 31% y el \u201cChuck\u201d, 38%.<\/p>\n\n\n\n<p>De acuerdo a este bolet\u00edn, y tambi\u00e9n desde abril, el precio del R&amp;L Hilton (<em>rump &amp; loin<\/em>) ha ca\u00eddo 47%, al pasar de U$S 17.000 a U$S 9.000 por tonelada, mientras que el conjunto de 16 cortes a Chile en el mismo per\u00edodo baj\u00f3 de U$S 6.600 a U$S 5.400 por tonelada (-18%).<\/p>\n\n\n\n<p>La tapa de cuadril destinada a Brasil tambi\u00e9n baja su cotizaci\u00f3n, al pasar de los U$S 10.500 en abril \u00faltimo a los U$S 8.700 en la actualidad (-19%).<\/p>\n\n\n\n<p>Se est\u00e1 negociando con Israel, pero se estima que los nuevos contratos tendr\u00e1n bajas en los valores con respecto a seis meses atr\u00e1s, aunque se calcula que la ca\u00edda no ser\u00e1 de la magnitud de las bajas sufridas a otros destinos.<\/p>\n\n\n\n<p>Debe destacarse que los precios FOB de Brasil o Uruguay registrados para el mes de octubre \u00faltimo corresponden a contratos arreglados varias semanas o meses atr\u00e1s, y no reflejan el nivel de cotizaciones de las nuevas operaciones.<\/p>\n\n\n\n<p>La ca\u00edda de los precios FOB sudamericanos es dram\u00e1tica, y todav\u00eda no est\u00e1 reflejada plenamente en las estad\u00edsticas oficiales de los diferentes pa\u00edses.<\/p>\n\n\n\n<p>Todo ha sucedido muy r\u00e1pido y se sigue embarcando a China carne con valores FOB m\u00e1s altos que los que rigen para nuevas operaciones. Muchos importadores chinos exigen la renegociaci\u00f3n de los contratos, aunque la carne ya est\u00e9 producida, o que est\u00e9 en un barco camino a puertos chinos.<\/p>\n\n\n\n<h2 class=\"wp-block-heading\"><strong>\u00bfQU\u00c9 PASA CON EL CONSUMO MUNDIAL?<\/strong><\/h2>\n\n\n\n<p>En casi todos los pa\u00edses exportadores de carne vacuna, el consumo dom\u00e9stico ha ca\u00eddo en los \u00faltimos a\u00f1os.<\/p>\n\n\n\n<p>En el caso de Brasil, el consumo cay\u00f3 de 39 kilos&nbsp;<em>per capita<\/em>&nbsp;en 2010 a los 34 kilos en la actualidad.<\/p>\n\n\n\n<p>En la \u00faltima campa\u00f1a electoral, los partidarios de Lula aseguraban que con su candidato iba a volver el consumo de carne (<em>picanha<\/em>), y hasta el mismo Lula ha insinuado que se debe poner l\u00edmites a las exportaciones de carne y poner l\u00edmites tambi\u00e9n a los altos precios al mostrador.<\/p>\n\n\n\n<p>En el caso de Uruguay, el consumo que en 2010 se ubicaba en los 61 kilos por habitante cay\u00f3 en 2021 a los 46 kilos.<\/p>\n\n\n\n<p>En lo que respecta a Estados Unidos, el consumo viene bajando desde hace dos d\u00e9cadas, al pasar de 44 kilos por persona en 2000, a 39 kilos en 2010 y a 38 kilos en la actualidad.<\/p>\n\n\n\n<p><strong><em>Un factor com\u00fan: la producci\u00f3n de carne vacuna mundial crece por debajo del crecimiento poblacional, y se da tambi\u00e9n una creciente exposici\u00f3n al comercio internacional, el cual paga mejor que los mercados dom\u00e9sticos<\/em><\/strong><\/p>\n\n\n\n<p><strong>Por Ignacio Iriarte<\/strong> <strong>| Analista Mercado Ganadero<\/strong><\/p>\n\n\n\n<figure class=\"wp-block-image size-large\"><a href=\"https:\/\/www.agroeducacion.com\/postgrado\/\"><img loading=\"lazy\" decoding=\"async\" width=\"1024\" height=\"114\" src=\"https:\/\/www.agroeducacion.com\/website\/wp-content\/uploads\/2022\/02\/OPTIMIZADO-ZOCALO-postgrado-2022-1024x114.jpg\" alt=\"\" class=\"wp-image-14433\" srcset=\"https:\/\/www.agroeducacion.com\/website\/wp-content\/uploads\/2022\/02\/OPTIMIZADO-ZOCALO-postgrado-2022-1024x114.jpg 1024w, https:\/\/www.agroeducacion.com\/website\/wp-content\/uploads\/2022\/02\/OPTIMIZADO-ZOCALO-postgrado-2022-300x33.jpg 300w, https:\/\/www.agroeducacion.com\/website\/wp-content\/uploads\/2022\/02\/OPTIMIZADO-ZOCALO-postgrado-2022-768x85.jpg 768w, https:\/\/www.agroeducacion.com\/website\/wp-content\/uploads\/2022\/02\/OPTIMIZADO-ZOCALO-postgrado-2022.jpg 1440w\" sizes=\"auto, (max-width: 1024px) 100vw, 1024px\" \/><\/a><\/figure>\n","protected":false},"excerpt":{"rendered":"<p>Por Ignacio Iriarte | Analista Mercado Ganadero En octubre, la faena de vacas cay\u00f3 un 7,8% con respecto a igual mes del a\u00f1o pasado, probablemente por la reticencia de los productores a vender despu\u00e9s de la abrupta baja de los valores de esta categor\u00eda, afectada por el derrumbe de las ventas a China. Se sostuvo &hellip;<\/p>\n","protected":false},"author":207,"featured_media":17594,"comment_status":"open","ping_status":"open","sticky":false,"template":"","format":"standard","meta":{"footnotes":""},"categories":[81,103,87],"tags":[],"class_list":["post-17593","post","type-post","status-publish","format-standard","has-post-thumbnail","hentry","category-destacados","category-ganaderia","category-novedades"],"amp_enabled":true,"_links":{"self":[{"href":"https:\/\/www.agroeducacion.com\/website\/wp-json\/wp\/v2\/posts\/17593","targetHints":{"allow":["GET"]}}],"collection":[{"href":"https:\/\/www.agroeducacion.com\/website\/wp-json\/wp\/v2\/posts"}],"about":[{"href":"https:\/\/www.agroeducacion.com\/website\/wp-json\/wp\/v2\/types\/post"}],"author":[{"embeddable":true,"href":"https:\/\/www.agroeducacion.com\/website\/wp-json\/wp\/v2\/users\/207"}],"replies":[{"embeddable":true,"href":"https:\/\/www.agroeducacion.com\/website\/wp-json\/wp\/v2\/comments?post=17593"}],"version-history":[{"count":2,"href":"https:\/\/www.agroeducacion.com\/website\/wp-json\/wp\/v2\/posts\/17593\/revisions"}],"predecessor-version":[{"id":17596,"href":"https:\/\/www.agroeducacion.com\/website\/wp-json\/wp\/v2\/posts\/17593\/revisions\/17596"}],"wp:featuredmedia":[{"embeddable":true,"href":"https:\/\/www.agroeducacion.com\/website\/wp-json\/wp\/v2\/media\/17594"}],"wp:attachment":[{"href":"https:\/\/www.agroeducacion.com\/website\/wp-json\/wp\/v2\/media?parent=17593"}],"wp:term":[{"taxonomy":"category","embeddable":true,"href":"https:\/\/www.agroeducacion.com\/website\/wp-json\/wp\/v2\/categories?post=17593"},{"taxonomy":"post_tag","embeddable":true,"href":"https:\/\/www.agroeducacion.com\/website\/wp-json\/wp\/v2\/tags?post=17593"}],"curies":[{"name":"wp","href":"https:\/\/api.w.org\/{rel}","templated":true}]}}