{"id":16603,"date":"2022-08-31T11:46:12","date_gmt":"2022-08-31T14:46:12","guid":{"rendered":"https:\/\/www.agroeducacion.com\/website\/?p=16603"},"modified":"2022-08-31T11:46:16","modified_gmt":"2022-08-31T14:46:16","slug":"vortex-emocional-economia-de-guerra-y-aversion-al-riesgo","status":"publish","type":"post","link":"https:\/\/www.agroeducacion.com\/website\/vortex-emocional-economia-de-guerra-y-aversion-al-riesgo\/","title":{"rendered":"Vortex emocional, econom\u00eda de guerra, y aversi\u00f3n al riesgo"},"content":{"rendered":"\n<figure class=\"wp-block-image size-large\"><img loading=\"lazy\" decoding=\"async\" width=\"1024\" height=\"576\" src=\"https:\/\/www.agroeducacion.com\/website\/wp-content\/uploads\/2022\/08\/Mesa-de-trabajo-1-9-1024x576.png\" alt=\"\" class=\"wp-image-16604\" srcset=\"https:\/\/www.agroeducacion.com\/website\/wp-content\/uploads\/2022\/08\/Mesa-de-trabajo-1-9-1024x576.png 1024w, https:\/\/www.agroeducacion.com\/website\/wp-content\/uploads\/2022\/08\/Mesa-de-trabajo-1-9-300x169.png 300w, https:\/\/www.agroeducacion.com\/website\/wp-content\/uploads\/2022\/08\/Mesa-de-trabajo-1-9-768x432.png 768w, https:\/\/www.agroeducacion.com\/website\/wp-content\/uploads\/2022\/08\/Mesa-de-trabajo-1-9-1536x864.png 1536w, https:\/\/www.agroeducacion.com\/website\/wp-content\/uploads\/2022\/08\/Mesa-de-trabajo-1-9-2048x1152.png 2048w, https:\/\/www.agroeducacion.com\/website\/wp-content\/uploads\/2022\/08\/Mesa-de-trabajo-1-9-390x220.png 390w\" sizes=\"auto, (max-width: 1024px) 100vw, 1024px\" \/><\/figure>\n\n\n\n<p><strong>Por Celina Mesquida VanNewkirk &#8211; R.J. O\u2019Brien &amp; Associates y Directora de AgroEducaci\u00f3n<\/strong><\/p>\n\n\n\n<p>Las noticias alcistas sobre el recorte de oferta parece que est\u00e1n lentamente desvaneci\u00e9ndose, la emoci\u00f3n de los bajos rendimientos monitoreados por el Pro-Farmer quedo atr\u00e1s y el mercado se enfoca en la demanda y la cosecha en las pr\u00f3ximas semanas en el Midwest. Recientemente y luego del rally, la soja se consagro como el l\u00edder de las bajas debido a las preocupaciones en los indicadores econ\u00f3micos chinos y en consecuencia su posible pobre demanda, mientras que maiz y trigo siguen en el camino del primer d\u00eda de notificaci\u00f3n de los contratos de septiembre.&nbsp;<\/p>\n\n\n\n<p>El escandaloso spread de soja septiembre \/ noviembre retrocedi\u00f3 fuertemente, incluso los de harina juegan la misma suerte. Los m\u00e1rgenes de molienda en cash son excelentes al igual que los de la pantalla que llegaron a los m\u00e1ximos contractuales para la posici\u00f3n diciembre. La harina ha sido la pata alcista del complejo durante las \u00faltimas 2 semanas, pero parece que finalmente sucumbir\u00e1 al peso de todo el complejo.&nbsp;<\/p>\n\n\n\n<p>Al clima lo podemos adaptar a este sesgo, ya que los bajistas se\u00f1alar\u00e1n que el GFS muestra pron\u00f3stico seco para el Delta y las zonas que deben ser cosechadas de inmediato y las lluvias intensas se focalizan lo largo de la costa.<\/p>\n\n\n\n<p>Atravesando nuestros mercados se sit\u00faa la debilidad macroecon\u00f3mica, presionando tanto los commodities como acciones, la inflaci\u00f3n de la UE alcanzo un nuevo m\u00e1ximo a 9,1% y el PMI de China resulto bastante decepcionante. Temprano en la semana Taiw\u00e1n dispar\u00f3 tiros de advertencia a un dron chino y eso empuja las cosas.<\/p>\n\n\n\n<p>Por su parte, el USDA no entregara el informe de ventas de exportaci\u00f3n hasta nuevo aviso en lo que intentan arreglar su \u00abnuevo\u00bb sistema de reportes. Silenciosamente Ucrania estima exportar 6,0-6,5 mill de t de granos en octubre, doble que en julio. Y si bien nuestra primera reacci\u00f3n es que ese n\u00famero parece muy optimista, las exportaciones fluyen mucho mejor de lo que la mayor\u00eda podr\u00eda haber imaginado, por lo que usaremos ese n\u00famero como el l\u00edmite superior de las estimaciones de momento. Francia calific\u00f3 el cultivo de maiz como \u00abcatastr\u00f3fico\u00bb unos 4,8 mill de t menos que el a\u00f1o pasado. Esto llevar\u00e1 a estimar que la producci\u00f3n total de maiz de Europa ser\u00e1 la m\u00e1s baja en 15 a\u00f1os.<\/p>\n\n\n\n<p>Las preocupaciones sobre la producci\u00f3n continuar\u00e1n al igual que los grandes inversos en el mercado del cash en USA, y al menos a corto plazo, eso deber\u00eda dar soporte en medio de la debilidad reciente en nuestra opini\u00f3n. Lo que parece ser una operaci\u00f3n muy contraria a la estacionalidad.<\/p>\n\n\n\n<p>El sentimiento es que si subimos, el ma\u00edz liderar\u00e1 el camino y si bajamos, deber\u00edamos ser liderados por soja. El trigo en el medio podr\u00eda darnos algunas sorpresas.<\/p>\n\n\n\n<p><strong>Por Celina Mesquida VanNewkirk &#8211; R.J. O\u2019Brien &amp; Associates y Directora de AgroEducaci\u00f3n<\/strong>.<\/p>\n\n\n\n<figure class=\"wp-block-image size-large\"><a href=\"https:\/\/www.agroeducacion.com\/postgrado\/\"><img loading=\"lazy\" decoding=\"async\" width=\"1024\" height=\"114\" src=\"https:\/\/www.agroeducacion.com\/website\/wp-content\/uploads\/2022\/02\/OPTIMIZADO-ZOCALO-postgrado-2022-1024x114.jpg\" alt=\"\" class=\"wp-image-14433\" srcset=\"https:\/\/www.agroeducacion.com\/website\/wp-content\/uploads\/2022\/02\/OPTIMIZADO-ZOCALO-postgrado-2022-1024x114.jpg 1024w, https:\/\/www.agroeducacion.com\/website\/wp-content\/uploads\/2022\/02\/OPTIMIZADO-ZOCALO-postgrado-2022-300x33.jpg 300w, https:\/\/www.agroeducacion.com\/website\/wp-content\/uploads\/2022\/02\/OPTIMIZADO-ZOCALO-postgrado-2022-768x85.jpg 768w, https:\/\/www.agroeducacion.com\/website\/wp-content\/uploads\/2022\/02\/OPTIMIZADO-ZOCALO-postgrado-2022.jpg 1440w\" sizes=\"auto, (max-width: 1024px) 100vw, 1024px\" \/><\/a><\/figure>\n\n\n\n<p style=\"font-size:12px\">R. J. O&#8217;Brien &amp; Associates, LLC Disclaimer:&nbsp;This material has been prepared by a sales or trading employee or agent of RJO \u2019Brien and is, or is, a solicitation. This material is not a research report prepared by RJO\u2019Brien. By accepting this communication, you agree that you are an experienced user of the futures markets, capable of making independent trading decisions, and agree that you are not, and will not, rely solely on this communication in making trading decisions.<\/p>\n\n\n\n<p style=\"font-size:12px\">DISTRIBUTION IN SOME JURISDICTIONS MAY BE PROHIBITED OR RESTRICTED BY LAW. PERSONS IN POSSESSION OF THIS COMMUNICATION INDIRECTLY SHOULD INFORM THEMSELVES ABOUT AND OBSERVE ANY SUCH PROHIBITION OR RESTRICTIONS. TO THE EXTENT THAT YOU HAVE RECEIVED THIS COMMUNICATION INDIRECTLY AND SOLICITATIONS ARE PROHIBITED IN YOUR JURISDICTION WITHOUT REGISTRATION, THE MARKET COMMENTARY IN THIS COMMUNICATION SHOULD NOT BE CONSIDERED A SOLICITATION.<\/p>\n\n\n\n<p style=\"font-size:12px\">The risk of loss in trading futures and\/or options is substantial and each investor and\/or trader must consider whether this is a suitable investment. Past performance, whether actual or indicated by simulated historical tests of strategies, is not indicative of future results. Trading advice is based on information taken from trades and statistical services and other sources that RJO\u2019Brien believes are reliable. We do not guarantee that such information is accurate or complete and it should not be relied upon as such. Trading advice reflects our good faith judgment at a specific time and is subject to change without notice. There is no guarantee that the advice we give will result in profitable trades.<\/p>\n","protected":false},"excerpt":{"rendered":"<p>Por Celina Mesquida VanNewkirk &#8211; R.J. O\u2019Brien &amp; Associates y Directora de AgroEducaci\u00f3n Las noticias alcistas sobre el recorte de oferta parece que est\u00e1n lentamente desvaneci\u00e9ndose, la emoci\u00f3n de los bajos rendimientos monitoreados por el Pro-Farmer quedo atr\u00e1s y el mercado se enfoca en la demanda y la cosecha en las pr\u00f3ximas semanas en el &hellip;<\/p>\n","protected":false},"author":207,"featured_media":16604,"comment_status":"open","ping_status":"open","sticky":false,"template":"","format":"standard","meta":{"footnotes":""},"categories":[81,51,87],"tags":[],"class_list":["post-16603","post","type-post","status-publish","format-standard","has-post-thumbnail","hentry","category-destacados","category-granos","category-novedades"],"amp_enabled":true,"_links":{"self":[{"href":"https:\/\/www.agroeducacion.com\/website\/wp-json\/wp\/v2\/posts\/16603","targetHints":{"allow":["GET"]}}],"collection":[{"href":"https:\/\/www.agroeducacion.com\/website\/wp-json\/wp\/v2\/posts"}],"about":[{"href":"https:\/\/www.agroeducacion.com\/website\/wp-json\/wp\/v2\/types\/post"}],"author":[{"embeddable":true,"href":"https:\/\/www.agroeducacion.com\/website\/wp-json\/wp\/v2\/users\/207"}],"replies":[{"embeddable":true,"href":"https:\/\/www.agroeducacion.com\/website\/wp-json\/wp\/v2\/comments?post=16603"}],"version-history":[{"count":1,"href":"https:\/\/www.agroeducacion.com\/website\/wp-json\/wp\/v2\/posts\/16603\/revisions"}],"predecessor-version":[{"id":16605,"href":"https:\/\/www.agroeducacion.com\/website\/wp-json\/wp\/v2\/posts\/16603\/revisions\/16605"}],"wp:featuredmedia":[{"embeddable":true,"href":"https:\/\/www.agroeducacion.com\/website\/wp-json\/wp\/v2\/media\/16604"}],"wp:attachment":[{"href":"https:\/\/www.agroeducacion.com\/website\/wp-json\/wp\/v2\/media?parent=16603"}],"wp:term":[{"taxonomy":"category","embeddable":true,"href":"https:\/\/www.agroeducacion.com\/website\/wp-json\/wp\/v2\/categories?post=16603"},{"taxonomy":"post_tag","embeddable":true,"href":"https:\/\/www.agroeducacion.com\/website\/wp-json\/wp\/v2\/tags?post=16603"}],"curies":[{"name":"wp","href":"https:\/\/api.w.org\/{rel}","templated":true}]}}