{"id":15867,"date":"2022-07-15T14:29:00","date_gmt":"2022-07-15T17:29:00","guid":{"rendered":"https:\/\/www.agroeducacion.com\/website\/?p=15867"},"modified":"2024-03-06T13:00:40","modified_gmt":"2024-03-06T16:00:40","slug":"toma-de-decisiones-en-ganaderia-2","status":"publish","type":"post","link":"https:\/\/www.agroeducacion.com\/website\/toma-de-decisiones-en-ganaderia-2\/","title":{"rendered":"Toma de Decisiones en Ganader\u00eda"},"content":{"rendered":"\n<figure class=\"wp-block-image size-large\"><img loading=\"lazy\" decoding=\"async\" width=\"1024\" height=\"576\" src=\"https:\/\/www.agroeducacion.com\/website\/wp-content\/uploads\/2022\/07\/bfa7cb65-9f5e-4a67-a926-0016db65ec9f-1024x576.jpg\" alt=\"\" class=\"wp-image-16063\" srcset=\"https:\/\/www.agroeducacion.com\/website\/wp-content\/uploads\/2022\/07\/bfa7cb65-9f5e-4a67-a926-0016db65ec9f-1024x576.jpg 1024w, https:\/\/www.agroeducacion.com\/website\/wp-content\/uploads\/2022\/07\/bfa7cb65-9f5e-4a67-a926-0016db65ec9f-300x169.jpg 300w, https:\/\/www.agroeducacion.com\/website\/wp-content\/uploads\/2022\/07\/bfa7cb65-9f5e-4a67-a926-0016db65ec9f-768x432.jpg 768w, https:\/\/www.agroeducacion.com\/website\/wp-content\/uploads\/2022\/07\/bfa7cb65-9f5e-4a67-a926-0016db65ec9f-390x220.jpg 390w, https:\/\/www.agroeducacion.com\/website\/wp-content\/uploads\/2022\/07\/bfa7cb65-9f5e-4a67-a926-0016db65ec9f.jpg 1280w\" sizes=\"auto, (max-width: 1024px) 100vw, 1024px\" \/><\/figure>\n\n\n\n<h2 class=\"wp-block-heading\" id=\"objetivo\">Objetivo<\/h2>\n\n\n\n<p>Brindar conocimientos sobre las caracter\u00edsticas espec\u00edficas que definen al sector ganadero vacuno en la Argentina y para la&nbsp;&nbsp;exportaci\u00f3n. Visi\u00f3n de la actualidad y perspectivas del mercado ganadero y sus resultados econ\u00f3micos.<\/p>\n\n\n\n<p class=\"has-text-align-center has-medium-font-size\"><strong>\u2193&nbsp;Ignacio Iriarte te invita a participar del curso \u2193<\/strong><\/p>\n\n\n\n<figure class=\"wp-block-embed is-type-video is-provider-vimeo wp-block-embed-vimeo wp-embed-aspect-16-9 wp-has-aspect-ratio\"><div class=\"wp-block-embed__wrapper\">\n<iframe loading=\"lazy\" title=\"Promo - Toma de Decisiones en Ganader\u00eda\" src=\"https:\/\/player.vimeo.com\/video\/728892265?h=010ba9e9e2&amp;dnt=1&amp;app_id=122963\" width=\"500\" height=\"281\" frameborder=\"0\" allow=\"autoplay; fullscreen; picture-in-picture; clipboard-write\"><\/iframe>\n<\/div><\/figure>\n\n\n\n<h2 class=\"wp-block-heading\">Programa<\/h2>\n\n\n\n<ul class=\"wp-block-list\">\n<li>Stock, ciclo Ganadero, localizaci\u00f3n geogr\u00e1fica, producci\u00f3n de Carne Vacuna, Sustitutos, Consumo per capita. Precios reales del ternero de Invernada y del Novillo.<\/li>\n\n\n\n<li>Inflaci\u00f3n, Ingreso Disponible, Preferencias. Feedlot, Rentabilidad y Encierre. Relaci\u00f3n Novillo\/Maiz.&nbsp;<\/li>\n\n\n\n<li>Rentabilidad de la Cr\u00eda. Exportaciones, Limitaciones (Cupos, Cuotas).&nbsp;<\/li>\n\n\n\n<li>Precios Fob. Mercado Internacional. Importancia de China. Precios y volumenes comercializados. Precios del Ganado en diversos paises.&nbsp;<\/li>\n\n\n\n<li>Perspectivas Econ\u00f3micas del Sector.<\/li>\n<\/ul>\n\n\n\n<h3 class=\"wp-block-heading\">Docente<\/h3>\n\n\n\n<p><strong>Ignacio Iriarte<\/strong><\/p>\n\n\n\n<p>Lic en Econom\u00eda UBA. Analista de Mercados de Carne. Director de la Revista INFORME GANADERO. Consultor Privado -Productor Agropecuario<\/p>\n\n\n\n<h2 class=\"wp-block-heading\"><strong>Metodolog\u00eda de Cursado<\/strong><\/h2>\n\n\n\n<p><strong>A distancia en Diferido:<\/strong>&nbsp;Grabaci\u00f3n de la clase para ver en otro momento, cu\u00e1ndo y d\u00f3nde quieras.<br>Disponible en la plataforma de alumno, 24 hs. despu\u00e9s del curso durante 4 meses sin l\u00edmites de entrada.<\/p>\n\n\n\n<p><strong>La modalidad en diferido es para todos los alumnos inscriptos al curso independientemente que hayan participado presencialmente, a distancia o lo tomen directamente en diferido.<\/strong><\/p>\n\n\n\n<p><\/p>\n\n\n\n<p><strong>Para inscripciones<\/strong>&nbsp;segu\u00ed los pasos de inscripci\u00f3n, en caso de tener alguna consulta o duda<br>comun\u00edcate con nuestro equipo de Agroeducaci\u00f3n:<br>Cursos y Conferencias: Camila \u2013 info@agroeducacion.com \u2013 WA. +54 9 341 5593990<br>Administraci\u00f3n: Jacqueline \u2013 administraci\u00f3n@agroeducacion.com<\/p>\n\n\n\n<p class=\"has-text-align-center has-white-color has-text-color has-background has-medium-font-size\" style=\"background-color:#2c323f\"><strong>VALOR  $10.000 + IVA<\/strong><\/p>\n\n\n\n<p class=\"has-text-align-center\">Sin cargo alumnos del Postgrado en Agronegocios <\/p>\n\n\n\n<p class=\"has-text-align-center\">Sin cargo alumnos Modulo de Valor Agregado en el Agro<\/p>\n\n\n\n<p class=\"has-text-align-center\">Media beca para socios de AgroEducaci\u00f3n<\/p>\n\n\n\n<div class=\"wp-block-columns is-layout-flex wp-container-core-columns-is-layout-9d6595d7 wp-block-columns-is-layout-flex\">\n<div class=\"wp-block-column is-layout-flow wp-block-column-is-layout-flow\" style=\"flex-basis:100%\">\n<div class=\"wp-block-buttons is-layout-flex wp-block-buttons-is-layout-flex\">\n<div class=\"wp-block-button has-custom-width wp-block-button__width-100 has-custom-font-size has-medium-font-size\"><a class=\"wp-block-button__link has-background wp-element-button\" href=\"https:\/\/agroeducacion.3gmatika.com\/inscripcion\/?idcurso=627\" style=\"border-radius:12px;background-color:#142d96\">INSCRIBITE AQU\u00cd<\/a><\/div>\n<\/div>\n<\/div>\n<\/div>\n\n\n\n<hr class=\"wp-block-separator has-css-opacity\"\/>\n\n\n\n<figure class=\"wp-block-image size-large\"><img loading=\"lazy\" decoding=\"async\" width=\"1451\" height=\"171\" src=\"https:\/\/www.agroeducacion.com\/website\/wp-content\/uploads\/2022\/07\/banner-nuevo-inicio-septiembre-1.gif\" alt=\"\" class=\"wp-image-16057\"\/><\/figure>\n\n\n\n<figure class=\"wp-block-image size-large\"><a href=\"https:\/\/www.agroeducacion.com\/website\/red-agroeducacion\/\"><img loading=\"lazy\" decoding=\"async\" width=\"2509\" height=\"338\" src=\"https:\/\/www.agroeducacion.com\/website\/wp-content\/uploads\/2022\/07\/SOCIOS.gif\" alt=\"\" class=\"wp-image-15883\"\/><\/a><\/figure>\n","protected":false},"excerpt":{"rendered":"<p>Objetivo Brindar conocimientos sobre las caracter\u00edsticas espec\u00edficas que definen al sector ganadero vacuno en la Argentina y para la&nbsp;&nbsp;exportaci\u00f3n. Visi\u00f3n de la actualidad y perspectivas del mercado ganadero y sus resultados econ\u00f3micos. \u2193&nbsp;Ignacio Iriarte te invita a participar del curso \u2193 Programa Stock, ciclo Ganadero, localizaci\u00f3n geogr\u00e1fica, producci\u00f3n de Carne Vacuna, Sustitutos, Consumo per capita. &hellip;<\/p>\n","protected":false},"author":207,"featured_media":16063,"comment_status":"open","ping_status":"open","sticky":false,"template":"","format":"standard","meta":{"footnotes":""},"categories":[1],"tags":[],"class_list":["post-15867","post","type-post","status-publish","format-standard","has-post-thumbnail","hentry","category-contenido-exclusivo"],"amp_enabled":true,"_links":{"self":[{"href":"https:\/\/www.agroeducacion.com\/website\/wp-json\/wp\/v2\/posts\/15867","targetHints":{"allow":["GET"]}}],"collection":[{"href":"https:\/\/www.agroeducacion.com\/website\/wp-json\/wp\/v2\/posts"}],"about":[{"href":"https:\/\/www.agroeducacion.com\/website\/wp-json\/wp\/v2\/types\/post"}],"author":[{"embeddable":true,"href":"https:\/\/www.agroeducacion.com\/website\/wp-json\/wp\/v2\/users\/207"}],"replies":[{"embeddable":true,"href":"https:\/\/www.agroeducacion.com\/website\/wp-json\/wp\/v2\/comments?post=15867"}],"version-history":[{"count":15,"href":"https:\/\/www.agroeducacion.com\/website\/wp-json\/wp\/v2\/posts\/15867\/revisions"}],"predecessor-version":[{"id":18690,"href":"https:\/\/www.agroeducacion.com\/website\/wp-json\/wp\/v2\/posts\/15867\/revisions\/18690"}],"wp:featuredmedia":[{"embeddable":true,"href":"https:\/\/www.agroeducacion.com\/website\/wp-json\/wp\/v2\/media\/16063"}],"wp:attachment":[{"href":"https:\/\/www.agroeducacion.com\/website\/wp-json\/wp\/v2\/media?parent=15867"}],"wp:term":[{"taxonomy":"category","embeddable":true,"href":"https:\/\/www.agroeducacion.com\/website\/wp-json\/wp\/v2\/categories?post=15867"},{"taxonomy":"post_tag","embeddable":true,"href":"https:\/\/www.agroeducacion.com\/website\/wp-json\/wp\/v2\/tags?post=15867"}],"curies":[{"name":"wp","href":"https:\/\/api.w.org\/{rel}","templated":true}]}}