{"id":15268,"date":"2022-05-15T22:59:33","date_gmt":"2022-05-16T01:59:33","guid":{"rendered":"https:\/\/www.agroeducacion.com\/website\/?p=15268"},"modified":"2022-05-20T15:35:31","modified_gmt":"2022-05-20T18:35:31","slug":"tres-ejes-claves","status":"publish","type":"post","link":"https:\/\/www.agroeducacion.com\/website\/tres-ejes-claves\/","title":{"rendered":"Tres ejes claves \u00abABC\u00bb para transformar tu gesti\u00f3n\ufffc"},"content":{"rendered":"\n<figure class=\"wp-block-image size-large\"><img loading=\"lazy\" decoding=\"async\" width=\"1024\" height=\"330\" src=\"https:\/\/www.agroeducacion.com\/website\/wp-content\/uploads\/2022\/05\/gesti1-1024x330.png\" alt=\"\" class=\"wp-image-15276\" srcset=\"https:\/\/www.agroeducacion.com\/website\/wp-content\/uploads\/2022\/05\/gesti1-1024x330.png 1024w, https:\/\/www.agroeducacion.com\/website\/wp-content\/uploads\/2022\/05\/gesti1-300x97.png 300w, https:\/\/www.agroeducacion.com\/website\/wp-content\/uploads\/2022\/05\/gesti1-768x247.png 768w, https:\/\/www.agroeducacion.com\/website\/wp-content\/uploads\/2022\/05\/gesti1-1536x495.png 1536w, https:\/\/www.agroeducacion.com\/website\/wp-content\/uploads\/2022\/05\/gesti1.png 1916w\" sizes=\"auto, (max-width: 1024px) 100vw, 1024px\" \/><\/figure>\n\n\n\n<p><\/p>\n\n\n\n<p>Todo plan&nbsp;estrat\u00e9gico exitoso se basa en aprovechar oportunidades, apoy\u00e1ndose en las propias fortalezas. Mirando hacia afuera, observamos un&nbsp;<strong>mundo fam\u00e9lico de alimentos, insumos claves para producirlos y energ\u00eda.&nbsp;<\/strong><\/p>\n\n\n\n<p>En lo interno, bien plantados frente al espejo,&nbsp;<strong>nos reconocemos en el diferencial indiscutible de estar alejados de conflictos b\u00e9licos y raciales,&nbsp;&nbsp;ser el<\/strong><strong>&nbsp;4to pa\u00eds en tierras cultivadas por habitante,&nbsp;poseer reservas de minerales,&nbsp;&nbsp;agua dulce, la&nbsp;&nbsp;\u201cpampa azul\u201d<\/strong>&nbsp;de nuestros mares&nbsp;&nbsp;y, fundamentalmente, el&nbsp;<strong>esp\u00edritu inquebrantable y el talento de nuestra gente<\/strong>.&nbsp;&nbsp;<\/p>\n\n\n\n<p>Cualidades&nbsp;&nbsp;que se reflejan en una comunidad de&nbsp;<strong>m\u00e1s de&nbsp;&nbsp;300&nbsp;<em>agtech<\/em>&nbsp;y&nbsp;<em>fintech<\/em>, biotecnolog\u00eda, econom\u00eda circula<\/strong>r, ser pioneros en procesos en&nbsp;<strong>siembra directa<\/strong>, registrar una de las menores huellas de carbono del mundo y los&nbsp;<strong>avances en tecnolog\u00edas en maquinaria agr\u00edcola<\/strong>, entre otros.&nbsp;<\/p>\n\n\n\n<p>A\u00fan cuando nuestros atributos tambaleen, cuando apoyamos nuestros pies en el&nbsp;&nbsp;lodo de un estado insaciable que no crea, ni facilita contextos para producir,&nbsp;&nbsp;invertir y transportar nuestros productos,&nbsp;<strong>en esta columna, iremos descubriendo sobre datos concretos, tres ejes claves que constituyen un \u201cABC\u201d para aportar un diferencial en tu gesti\u00f3n granaria, y acciones que pod\u00e9s emprender o potenciar.<\/strong><\/p>\n\n\n\n<p><strong>1er eje: AGILIDAD<\/strong><\/p>\n\n\n\n<p>Miremos gr\u00e1ficamente, en millones de toneladas y porcentaje, el universo de toneladas que a\u00fan falta poner precio. En rojo titilan las que est\u00e1n sin precio, aunque vendidas. En verde, las que a\u00fan est\u00e1n sin vender ni preciar:&nbsp;&nbsp;<\/p>\n\n\n\n<div class=\"wp-block-image\"><figure class=\"aligncenter size-large is-resized\"><img loading=\"lazy\" decoding=\"async\" src=\"https:\/\/www.agroeducacion.com\/website\/wp-content\/uploads\/2022\/05\/Captura-de-Pantalla-2022-05-15-a-las-21.54.33-1024x702.png\" alt=\"\" class=\"wp-image-15269\" width=\"625\" height=\"428\" srcset=\"https:\/\/www.agroeducacion.com\/website\/wp-content\/uploads\/2022\/05\/Captura-de-Pantalla-2022-05-15-a-las-21.54.33-1024x702.png 1024w, https:\/\/www.agroeducacion.com\/website\/wp-content\/uploads\/2022\/05\/Captura-de-Pantalla-2022-05-15-a-las-21.54.33-300x206.png 300w, https:\/\/www.agroeducacion.com\/website\/wp-content\/uploads\/2022\/05\/Captura-de-Pantalla-2022-05-15-a-las-21.54.33-768x527.png 768w, https:\/\/www.agroeducacion.com\/website\/wp-content\/uploads\/2022\/05\/Captura-de-Pantalla-2022-05-15-a-las-21.54.33-220x150.png 220w, https:\/\/www.agroeducacion.com\/website\/wp-content\/uploads\/2022\/05\/Captura-de-Pantalla-2022-05-15-a-las-21.54.33.png 1140w\" sizes=\"auto, (max-width: 625px) 100vw, 625px\" \/><\/figure><\/div>\n\n\n\n<p>As\u00ed, en&nbsp;<strong><u>SOJA<\/u><\/strong>, sobre 41,2 M de toneladas estimadas de producci\u00f3n,&nbsp;<strong>8,5 M est\u00e1n vendidas, sin fijar precio (21%).<\/strong>Observar, que&nbsp;<strong>superan a las 6,1 M que s\u00ed est\u00e1n&nbsp;&nbsp;vendidas con precio<\/strong>. A\u00fan contin\u00faan sin vender y&nbsp;<strong>poner precio 26,6 M toneladas.<\/strong>&nbsp;<strong><em>En definitiva, sin preciar totalizan 35,1M. 85% de la producci\u00f3n&nbsp;&nbsp;&nbsp;<\/em><\/strong><\/p>\n\n\n\n<p>En&nbsp;<strong>MA\u00cdZ<\/strong>, sobre 49,2 M de toneladas estimadas de producci\u00f3n,&nbsp;<strong>6,6 M est\u00e1n vendidas, sin fijar precio<\/strong>. Sin vender y preciar a\u00fan restan 25,2 M.&nbsp;&nbsp;En conclusi\u00f3n quedan a\u00fan sin poner precio 31,9M. (<strong>65%)<\/strong><\/p>\n\n\n\n<p><strong>Bonus truck. \u201cLA CUENTA\u201d<\/strong><\/p>\n\n\n\n<p>Te invito a detenerte en el siguiente c\u00e1lculo:<strong>&nbsp;tomando solamente de ambos cultivos,&nbsp;&nbsp;<u>las toneladas&nbsp;&nbsp;vendidas sin fijar precio<\/u>,&nbsp;&nbsp;con un recorrido bajista desde m\u00e1ximos de los \u00faltimos 30 d\u00edas, de&nbsp;&nbsp;&#8211; U$s 9 USs para m\u00e1iz&nbsp;&nbsp;y \u2013 U$s 24,5&nbsp;&nbsp;para soja,&nbsp;<u>el viento de los precios,&nbsp;&nbsp;se llev\u00f3 el U$s 268 millones, el equivalente a casi 380 cosechadoras de primera marca doble tracci\u00f3n con duales y draper.<\/u><\/strong><\/p>\n\n\n\n<p><strong><u>Esta evidencia nos demuestra la importancia del 1er eje clave:&nbsp;<\/u><\/strong><strong><u>AGILIDAD en las decisiones<\/u><\/strong><\/p>\n\n\n\n<p>El miedo paraliza, te coloca en espacios de indecisi\u00f3n que no permite apreciar oportunidades de precios que cierren m\u00e1rgenes, y m\u00e1s a\u00fan si est\u00e1n&nbsp;&nbsp;comprometidos.&nbsp;<\/p>\n\n\n\n<p>El dolor que provoca una suba de precios luego de una fijaci\u00f3n,&nbsp;&nbsp;es mucho m\u00e1s fuerte que dejar pasar el tren. As\u00ed,&nbsp;&nbsp;se prefiere errar por omisi\u00f3n que por acci\u00f3n, haci\u00e9ndote el distra\u00eddo en estas cuentas que prefieren barrerse debajo de la alfombra.<\/p>\n\n\n\n<p><strong>La inflaci\u00f3n global,&nbsp;&nbsp;la pol\u00edtica monetaria de las principales naciones, la incertidumbre por la duraci\u00f3n e impacto de la invasi\u00f3n de Rusia a Ucrania, los factores clim\u00e1ticos especialmente en el norte, la reaparici\u00f3n de COVID en China, abren interrogantes en el sostenimiento de los precios actuales que siguen siendo muy buenos. Alm omento de redactar esta columna hasta el trigo cay\u00b4po levemente en Chicago<\/strong><\/p>\n\n\n\n<p><strong>Acciones posibles:<\/strong><\/p>\n\n\n\n<ul class=\"wp-block-list\"><li>Como desde la corporalidad, para ser \u00e1gil , es necesario&nbsp;<strong>afirmarte bien desde el arranque para impulsarte, es necesario conozcas donde est\u00e1s parado<\/strong>. Una buena administracion,&nbsp;&nbsp;registraci\u00f3n&nbsp;&nbsp;y tableros de control para toma de decisiones .&nbsp;<\/li><li>Trabajar con tu&nbsp;<strong>flujo de fondos proyectado<\/strong>&nbsp;y compromisos a honrar, para determinar la cantidad de granos que ser\u00e1n necesarios comercializar y de ese universo, cu\u00e1nto ten\u00e9s con y sin precio.<\/li><li>Evaluar la&nbsp;<strong>posibilidad&nbsp;&nbsp;de forwards<\/strong>&nbsp;<strong>o futuros<\/strong>&nbsp;por las toneladas&nbsp;&nbsp;que necesitar\u00e1s vender, o bien comenzar a entrenarte y potenciar las estrategias de&nbsp;<strong>cobertura&nbsp;&nbsp;con puts<\/strong>&nbsp;por los riesgos a la baja especialmente en soja, como ya reaccion\u00f3 el mercado, ante el&nbsp;&nbsp;\u00faltimo informe del USDA que proyecta una relaci\u00f3n stock consumo 22\/23 del 26,4% respecto a un 23,5% de la 21\/22.&nbsp;<\/li><\/ul>\n\n\n\n<p>Si bien el mismo reporte no mostr\u00f3&nbsp;&nbsp;cambios significativos&nbsp;&nbsp;en ma\u00edz con una relaci\u00f3n stock consumo de 25,75%, al momento de redactar esta columna Chicago estaba reportando bajas de 12ctv 1,52% en ma\u00edz y tambipen en trigo que sobre el final se revirti\u00f3.&nbsp;<\/p>\n\n\n\n<ul class=\"wp-block-list\"><li>Si ya fijaste, o&nbsp;&nbsp;transform\u00e1s&nbsp;&nbsp;granos,&nbsp;&nbsp;&nbsp;pod\u00e9s&nbsp;<strong>cubrirte al&nbsp;&nbsp;alza&nbsp;&nbsp;evaluando opciones&nbsp;&nbsp;calls.<\/strong><\/li><li><strong>Transformar los granos en otros activos \/ inversiones<\/strong>&nbsp;con mejor relaci\u00f3n insumo producto, como los inmuebles u otros activos con mayor perspectivas de aumentos.&nbsp;<\/li><li>Hay que mirar muy bien las&nbsp;<strong>tasas de endeudamiento y ser m\u00e1s cautelosos<\/strong>&nbsp;de su conveniencia de tal manera que el mayor valor futuro, supere a los costos de almacenamiento y financiamiento,&nbsp;&nbsp;derivando en una mejor relaci\u00f3n insumo producto.&nbsp;&nbsp;No todo es comparaci\u00f3n de tasa.<\/li><li><strong>Re-evaluar tu plan de siembra<\/strong>, mirando con nuevos ojos a la cebada y al girasol de acuerdo a tus suelos y clima proyectado.<\/li><li>Considerando que ten\u00e9s el socio estado que no trabaja que se lleva el 65% del valor bruto de tu producci\u00f3n, es vital&nbsp;&nbsp;te entrenes en las estrategias para una adecuada&nbsp;<strong>planificaci\u00f3n fiscal. El 24 de mayo sumate a nuestro curso Tax planning en el agro con el Cr. Mariano Echegaray. Pod\u00e9s inscribirte&nbsp;<a href=\"https:\/\/www.agroeducacion.com\/website\/tax-planning-en-el-agro-2\/\">AQUI<\/a><\/strong>.<\/li><\/ul>\n\n\n\n<p><strong><u>2do eje: \u201cBIO\u201d&nbsp;&nbsp;(biolog\u00eda, bioinsumos, bioeconom\u00eda)<\/u><\/strong><\/p>\n\n\n\n<p><strong>Si bien partimos de precios de&nbsp;&nbsp;granos hist\u00f3ricamente altos, tambi\u00e9n lo han hecho los insumos<\/strong>, tanto por factores log\u00edsticos y aumento del costo de energ\u00eda&nbsp;&nbsp;para producirlos, que se agrabaron&nbsp;&nbsp;con la guerra, como por las limitantes internas por la escasez de d\u00f3lares.&nbsp;&nbsp;<\/p>\n\n\n\n<p>Esta gr\u00e1fica compartida en \u201cA todo trigo\u201d resume el aumento de los principales agroinsumos<\/p>\n\n\n\n<div class=\"wp-block-image\"><figure class=\"aligncenter size-large is-resized\"><img loading=\"lazy\" decoding=\"async\" src=\"https:\/\/www.agroeducacion.com\/website\/wp-content\/uploads\/2022\/05\/Captura-de-Pantalla-2022-05-15-a-las-21.56.46-1024x575.png\" alt=\"\" class=\"wp-image-15270\" width=\"804\" height=\"451\" srcset=\"https:\/\/www.agroeducacion.com\/website\/wp-content\/uploads\/2022\/05\/Captura-de-Pantalla-2022-05-15-a-las-21.56.46-1024x575.png 1024w, https:\/\/www.agroeducacion.com\/website\/wp-content\/uploads\/2022\/05\/Captura-de-Pantalla-2022-05-15-a-las-21.56.46-300x168.png 300w, https:\/\/www.agroeducacion.com\/website\/wp-content\/uploads\/2022\/05\/Captura-de-Pantalla-2022-05-15-a-las-21.56.46-768x431.png 768w, https:\/\/www.agroeducacion.com\/website\/wp-content\/uploads\/2022\/05\/Captura-de-Pantalla-2022-05-15-a-las-21.56.46-390x220.png 390w, https:\/\/www.agroeducacion.com\/website\/wp-content\/uploads\/2022\/05\/Captura-de-Pantalla-2022-05-15-a-las-21.56.46.png 1350w\" sizes=\"auto, (max-width: 804px) 100vw, 804px\" \/><\/figure><\/div>\n\n\n\n<p>Observemos s\u00f3lo en dicho grano, c\u00f3mo aument\u00f3 la relaci\u00f3n insumo producto en base a n\u00fameros que present\u00f3 el&nbsp;&nbsp;investigador y profesor de la FAUBA Daniel Miralles:&nbsp;<\/p>\n\n\n\n<div class=\"wp-block-image\"><figure class=\"aligncenter size-large is-resized\"><img loading=\"lazy\" decoding=\"async\" src=\"https:\/\/www.agroeducacion.com\/website\/wp-content\/uploads\/2022\/05\/Captura-de-Pantalla-2022-05-15-a-las-21.58.00-1024x556.png\" alt=\"\" class=\"wp-image-15271\" width=\"483\" height=\"262\" srcset=\"https:\/\/www.agroeducacion.com\/website\/wp-content\/uploads\/2022\/05\/Captura-de-Pantalla-2022-05-15-a-las-21.58.00-1024x556.png 1024w, https:\/\/www.agroeducacion.com\/website\/wp-content\/uploads\/2022\/05\/Captura-de-Pantalla-2022-05-15-a-las-21.58.00-300x163.png 300w, https:\/\/www.agroeducacion.com\/website\/wp-content\/uploads\/2022\/05\/Captura-de-Pantalla-2022-05-15-a-las-21.58.00-768x417.png 768w, https:\/\/www.agroeducacion.com\/website\/wp-content\/uploads\/2022\/05\/Captura-de-Pantalla-2022-05-15-a-las-21.58.00.png 1028w\" sizes=\"auto, (max-width: 483px) 100vw, 483px\" \/><\/figure><\/div>\n\n\n\n<p><strong>Hoy necesitamos m\u00e1s kilos de granos para comprar insumos y contratar servicios.<\/strong><\/p>\n\n\n\n<p>Para volver a una importaci\u00f3n&nbsp;&nbsp;hist\u00f3rica del 20%, deber\u00eda poder liberarse el gas de Vaca Muerta, aunque no estan hechas las obras de infraestructura de gasoductos, y puertos necesarios para poder ser disponibles.&nbsp;<strong>\u201cSi los gobiernos no comprenden la necesidad&nbsp;&nbsp;de estas obras, la necesidad y dependencia externa para producir se agravar\u00e1\u201d,<\/strong>&nbsp;expres\u00f3 el reconocido profesional.&nbsp;<\/p>\n\n\n\n<p><strong>As\u00ed la evidencia de la escasez y encarecimiento de los insumos nos reconectan con la BIOLOGIA del suelo y de los recursos que utilizamos para la producci\u00f3n.<\/strong><\/p>\n\n\n\n<p>Tenemos que ser&nbsp;<strong>m\u00e1s conscientes y eficientes, produciendo m\u00e1s con menos y de diferente manera.<\/strong><\/p>\n\n\n\n<p><strong>Acciones posibles:<\/strong><\/p>\n\n\n\n<ul class=\"wp-block-list\"><li>Realizar an\u00e1lisis de suelos para un uso m\u00e1s selectivo y eficiente de los insumos<\/li><li>Potenciar el uso de tecnolog\u00edas de monitoreo y de&nbsp;&nbsp;agricultura de precisi\u00f3n tanto en maquinaria agr\u00edcola, como del factor humano que te acompa\u00f1e&nbsp;<\/li><li>Incursionar o potenciar&nbsp;&nbsp;el uso de nuevos paquetes tecnol\u00f3gicos apoy\u00e1ndote en los bio-insumos como compartimos en nuestra columna Granos e insumos: \u00a1a tomar decisiones!<\/li><li>Analizar c\u00f3mo poder reciclar, reutilizar, transformar los desechos de tu producci\u00f3n para agregar valor, cuidando el medio ambiente.&nbsp;<\/li><\/ul>\n\n\n\n<p>As\u00ed lo ha hecho en forma ejemplar Prodeman ante el&nbsp;&nbsp;inconveniente que generaba el 30% del peso del man\u00ed que implicaba su c\u00e1scara. Hoy pueden transformarla en energ\u00eda para autobastecer su planta y vender energ\u00eda a la red. Con las cenizas,&nbsp;&nbsp;est\u00e1n incursionando en ladrillos para construcci\u00f3n sustentable.&nbsp;<\/p>\n\n\n\n<p><strong>Pedro Vigneau en el 9no Simposio del Sur al mundo, mostraba c\u00f3mo se logran ladrillos a partir de desechos de paja de trigo<\/strong>. Si te interesa el tema te invito a leer nuestra columna completa Oportunidades para la Argentina y la Regi\u00f3n en tonicaonline.com.ar<\/p>\n\n\n\n<p><strong>As\u00ed este 2do eje: BIOLOG\u00cdA- BIOINSUMOS y BIOECONOM\u00cdA con un criterio de sustentabilidad econ\u00f3mica, social y ambiental son claves para tu gesti\u00f3n de corto, mediano y largo plazo.<\/strong><\/p>\n\n\n\n<p><strong><u>3er eje:&nbsp;&nbsp;\u201cCO\u201d&nbsp;&nbsp;(conocimiento, colaboraci\u00f3n, \u201cCOOPETENCIA\u201d)<\/u><\/strong><\/p>\n\n\n\n<p>Nadie duda que estamos en la era del&nbsp;<strong>conocimiento<\/strong>. Es el conocimiento lo que permite crear diferenciales. Conocer y estar preparados nos hace m\u00e1s libres y \u00e1giles, enriqueciendo el circulo virtuoso.<\/p>\n\n\n\n<p>Sin embargo, nadie podr\u00e1 solo. Tanto a nivel&nbsp;<strong>familiar, organizacional, nacional&nbsp;&nbsp;como geopol\u00edtico<\/strong>&nbsp;necesitamos encarar los desaf\u00edos de manera&nbsp;<strong>colaborativa<\/strong>,&nbsp;&nbsp;en forma&nbsp;<strong>interdisciplinaria, complementando talentos y fortalezas.<\/strong><\/p>\n\n\n\n<p><strong>Comenzar a distinguir tus propios diferenciales<\/strong>, por qu\u00e9 te eligen,&nbsp;<strong>lo bueno de tu gente, de otros productores, colegas,&nbsp;&nbsp;de la cadena de valor,<\/strong>&nbsp;&nbsp;<strong>del propio estado local y regional poner sobre la mesa las oportunidades y necesidades para juntos generar transformaciones.&nbsp;<\/strong><\/p>\n\n\n\n<p><strong>Saquemos del ba\u00fal el esp\u00edritu colaborativo de nuestros bisabuelos que crearon cooperativas, escuelas y teatros, siendo&nbsp;&nbsp;pioneros<\/strong>&nbsp;&nbsp;y ejemplos de los actuales&nbsp;&nbsp;\u201cco working\u201d o\u201cworking together\u201d que suenan m\u00e1s \u201ccool\u201d.<\/p>\n\n\n\n<p>La pandemia y la cruenta realidad de la invasi\u00f3n de Rusia a Ucrania, pone en relevancia el concepto de&nbsp;<strong>\u201ccoopetencia\u201d,<\/strong>&nbsp;que surge de combinar \u201ccompetir\u201d y a\u00fan as\u00ed \u201ccooperar\u201d en la creaci\u00f3n de contextos donde juntos nos retroalimentemos y generemos sinergias.&nbsp;<\/p>\n\n\n\n<p>Brasil gran demandante de fertilizantes podr\u00eda&nbsp;&nbsp;invertir para movilizar las reservas de Vaca Muerta provey\u00e9ndose a menores costos desde tierras sin conflictos b\u00e9licos. Argentina dispondria, as\u00ed&nbsp;&nbsp;de m\u00e1s gas y UREA para abastecer al mercado interno, y podria exportar generando las divisas y empleo que tanto necesita.<\/p>\n\n\n\n<p><strong>Los gobiernos deben comprender que estamos en una oportunidad hist\u00f3rica de revalorizar la agricultura como elemento de paz y de equilibrio social<\/strong>&nbsp;como se expuso en el citado Simposio&nbsp;&nbsp;del Sur al mundo.<\/p>\n\n\n\n<p>Agroeducaci\u00f3n, la comunidad de negocios del agro,&nbsp;&nbsp;tambi\u00e9n es una realidad concreta de conocimiento, coopetencia, y colaboraci\u00f3n, generando sinergias, donde todos salimos enriquecidos y hace tan grato encontrarnos en cada curso, comit\u00e9 o columna.<\/p>\n\n\n\n<p>Espero que este triple eje&nbsp;<strong>\u201cABC\u201d:&nbsp;<\/strong><\/p>\n\n\n\n<p><strong>A<\/strong>gilidad&nbsp;&nbsp;&nbsp;<\/p>\n\n\n\n<p><strong>\u201cBio\u201d<\/strong>&nbsp;(biolog\u00eda-bioinsumos-bioeconom\u00eda)<\/p>\n\n\n\n<p><strong>\u201cCo\u201d<\/strong>&nbsp;(conocimiento, colaboraci\u00f3n, coopetencia)<\/p>\n\n\n\n<p>Te permitan hacer un giro cualitativo en tu gesti\u00f3n,&nbsp;&nbsp;y en la realidad que logren transformar en sus entornos.Gracias por acompa\u00f1arme hasta aqu\u00ed.&nbsp;<\/p>\n\n\n\n<p><strong><strong>Por Monica Ortolani | Tonica ONLINE y Docente de AgroEducaci\u00f3n<\/strong><\/strong><\/p>\n\n\n\n<figure class=\"wp-block-image size-large\"><a href=\"https:\/\/www.agroeducacion.com\/postgrado\/\"><img loading=\"lazy\" decoding=\"async\" width=\"1024\" height=\"114\" src=\"https:\/\/www.agroeducacion.com\/website\/wp-content\/uploads\/2022\/02\/OPTIMIZADO-ZOCALO-postgrado-2022-1024x114.jpg\" alt=\"\" class=\"wp-image-14433\" srcset=\"https:\/\/www.agroeducacion.com\/website\/wp-content\/uploads\/2022\/02\/OPTIMIZADO-ZOCALO-postgrado-2022-1024x114.jpg 1024w, https:\/\/www.agroeducacion.com\/website\/wp-content\/uploads\/2022\/02\/OPTIMIZADO-ZOCALO-postgrado-2022-300x33.jpg 300w, https:\/\/www.agroeducacion.com\/website\/wp-content\/uploads\/2022\/02\/OPTIMIZADO-ZOCALO-postgrado-2022-768x85.jpg 768w, https:\/\/www.agroeducacion.com\/website\/wp-content\/uploads\/2022\/02\/OPTIMIZADO-ZOCALO-postgrado-2022.jpg 1440w\" sizes=\"auto, (max-width: 1024px) 100vw, 1024px\" \/><\/a><\/figure>\n\n\n\n<figure class=\"wp-block-image size-large is-resized\"><img loading=\"lazy\" decoding=\"async\" src=\"https:\/\/www.agroeducacion.com\/website\/wp-content\/uploads\/2022\/02\/image-1-1024x33.png\" alt=\"\" class=\"wp-image-14456\" width=\"840\" height=\"27\" srcset=\"https:\/\/www.agroeducacion.com\/website\/wp-content\/uploads\/2022\/02\/image-1-1024x33.png 1024w, https:\/\/www.agroeducacion.com\/website\/wp-content\/uploads\/2022\/02\/image-1-300x10.png 300w, https:\/\/www.agroeducacion.com\/website\/wp-content\/uploads\/2022\/02\/image-1-768x24.png 768w, https:\/\/www.agroeducacion.com\/website\/wp-content\/uploads\/2022\/02\/image-1-1536x49.png 1536w, https:\/\/www.agroeducacion.com\/website\/wp-content\/uploads\/2022\/02\/image-1.png 1886w\" sizes=\"auto, (max-width: 840px) 100vw, 840px\" \/><\/figure>\n\n\n\n<figure class=\"wp-block-image size-large\"><img loading=\"lazy\" decoding=\"async\" width=\"1024\" height=\"33\" src=\"https:\/\/www.agroeducacion.com\/website\/wp-content\/uploads\/2022\/02\/image-1024x33.png\" alt=\"\" class=\"wp-image-14455\" srcset=\"https:\/\/www.agroeducacion.com\/website\/wp-content\/uploads\/2022\/02\/image-1024x33.png 1024w, https:\/\/www.agroeducacion.com\/website\/wp-content\/uploads\/2022\/02\/image-300x10.png 300w, https:\/\/www.agroeducacion.com\/website\/wp-content\/uploads\/2022\/02\/image-768x24.png 768w, https:\/\/www.agroeducacion.com\/website\/wp-content\/uploads\/2022\/02\/image-1536x49.png 1536w, https:\/\/www.agroeducacion.com\/website\/wp-content\/uploads\/2022\/02\/image.png 1886w\" sizes=\"auto, (max-width: 1024px) 100vw, 1024px\" \/><\/figure>\n","protected":false},"excerpt":{"rendered":"<p>Todo plan&nbsp;estrat\u00e9gico exitoso se basa en aprovechar oportunidades, apoy\u00e1ndose en las propias fortalezas. Mirando hacia afuera, observamos un&nbsp;mundo fam\u00e9lico de alimentos, insumos claves para producirlos y energ\u00eda.&nbsp; En lo interno, bien plantados frente al espejo,&nbsp;nos reconocemos en el diferencial indiscutible de estar alejados de conflictos b\u00e9licos y raciales,&nbsp;&nbsp;ser el&nbsp;4to pa\u00eds en tierras cultivadas por habitante,&nbsp;poseer &hellip;<\/p>\n","protected":false},"author":207,"featured_media":15275,"comment_status":"open","ping_status":"open","sticky":false,"template":"","format":"standard","meta":{"footnotes":""},"categories":[81,14,53,72,74,87],"tags":[],"class_list":["post-15268","post","type-post","status-publish","format-standard","has-post-thumbnail","hentry","category-destacados","category-economia","category-empresas","category-finanzas","category-impuestos","category-novedades"],"amp_enabled":true,"_links":{"self":[{"href":"https:\/\/www.agroeducacion.com\/website\/wp-json\/wp\/v2\/posts\/15268","targetHints":{"allow":["GET"]}}],"collection":[{"href":"https:\/\/www.agroeducacion.com\/website\/wp-json\/wp\/v2\/posts"}],"about":[{"href":"https:\/\/www.agroeducacion.com\/website\/wp-json\/wp\/v2\/types\/post"}],"author":[{"embeddable":true,"href":"https:\/\/www.agroeducacion.com\/website\/wp-json\/wp\/v2\/users\/207"}],"replies":[{"embeddable":true,"href":"https:\/\/www.agroeducacion.com\/website\/wp-json\/wp\/v2\/comments?post=15268"}],"version-history":[{"count":4,"href":"https:\/\/www.agroeducacion.com\/website\/wp-json\/wp\/v2\/posts\/15268\/revisions"}],"predecessor-version":[{"id":15314,"href":"https:\/\/www.agroeducacion.com\/website\/wp-json\/wp\/v2\/posts\/15268\/revisions\/15314"}],"wp:featuredmedia":[{"embeddable":true,"href":"https:\/\/www.agroeducacion.com\/website\/wp-json\/wp\/v2\/media\/15275"}],"wp:attachment":[{"href":"https:\/\/www.agroeducacion.com\/website\/wp-json\/wp\/v2\/media?parent=15268"}],"wp:term":[{"taxonomy":"category","embeddable":true,"href":"https:\/\/www.agroeducacion.com\/website\/wp-json\/wp\/v2\/categories?post=15268"},{"taxonomy":"post_tag","embeddable":true,"href":"https:\/\/www.agroeducacion.com\/website\/wp-json\/wp\/v2\/tags?post=15268"}],"curies":[{"name":"wp","href":"https:\/\/api.w.org\/{rel}","templated":true}]}}