{"id":12946,"date":"2021-10-17T21:18:34","date_gmt":"2021-10-18T00:18:34","guid":{"rendered":"https:\/\/www.agroeducacion.com\/website\/?p=12946"},"modified":"2021-10-18T13:05:05","modified_gmt":"2021-10-18T16:05:05","slug":"se-viene-la-xl-jornada-mercados-granarios","status":"publish","type":"post","link":"https:\/\/www.agroeducacion.com\/website\/se-viene-la-xl-jornada-mercados-granarios\/","title":{"rendered":"Se viene la Xl Jornada  Mercados Granarios"},"content":{"rendered":"\n<h2 class=\"wp-block-heading\">Conoce todos los avances y los temas que desarrollaremos en el Evento del A\u00f1o.<\/h2>\n\n\n\n<figure class=\"wp-block-embed is-type-video is-provider-vimeo wp-block-embed-vimeo wp-embed-aspect-16-9 wp-has-aspect-ratio\"><div class=\"wp-block-embed__wrapper\">\n<iframe loading=\"lazy\" title=\"Comit\u00e9 de Crisis #82 - MG 2021\" src=\"https:\/\/player.vimeo.com\/video\/634823102?h=37af725ef4&amp;dnt=1&amp;app_id=122963\" width=\"500\" height=\"281\" frameborder=\"0\" allow=\"autoplay; fullscreen; picture-in-picture; clipboard-write\"><\/iframe>\n<\/div><\/figure>\n\n\n\n<p>\u25cf&nbsp;El objetivo de la jornada es trabajar estrategias que permitan a los presentes <strong>anticiparse a las situaciones econ\u00f3mica, financiera, productiva y comercia<\/strong>l contemplando el escenario que presenta un a\u00f1o de elecci\u00f3n.<br><br>\u25cf&nbsp;El <strong>\u00e9xito de las empresas<\/strong> depende de la gesti\u00f3n de las mismas, contemplando cada una de las partes que la componen, desde la compra de insumos a la comercializaci\u00f3n de los granos. El <strong>agregado de valor<\/strong> se da por parte del conocimiento, esto es lo que marca la diferencia y permite un crecimiento real, gestionando de forma profesional y responsable cada parte del negocio. Estos temas se desarrollar\u00e1n en las Jornadas del A\u00f1o en Agronegocios de las que sos parte.<\/p>\n\n\n\n<p>Un evento \u00fatil y necesario que ya se ha establecido como referencia dentro del sector agr\u00edcola argentino y latinoamericano.<\/p>\n\n\n\n<p><\/p>\n\n\n\n<title>Title of the document<\/title>\n    <style>\n      .button {\n        background-color: #1c87c9;\n        border: none;\n        color: white;\n        padding: 20px 34px;\n        text-align: center;\n        text-decoration: none;\n        display: inline-block;\n        font-size: 20px;\n        margin: 4px 2px;\n        cursor: pointer;\n      }\n    <\/style>\n  \n  \n    <a href=\"https:\/\/www.agroeducacion.com\/mercadosgranarios\/\" class=\"button\">M\u00c1S INFORMACI\u00d3N SOBRE LA JORNADA<\/a>\n\n\n<p><\/p>\n<p><\/p><center><p><\/p>\n<h1>&nbsp;<\/h1>\n<p><\/p>\n<p><\/p><\/center><!-- body tag ends here --><p><\/p>\n\n\n<p><\/p>\n","protected":false},"excerpt":{"rendered":"<p>Conoce todos los avances y los temas que desarrollaremos en el Evento del A\u00f1o. \u25cf&nbsp;El objetivo de la jornada es trabajar estrategias que permitan a los presentes anticiparse a las situaciones econ\u00f3mica, financiera, productiva y comercial contemplando el escenario que presenta un a\u00f1o de elecci\u00f3n.\u25cf&nbsp;El \u00e9xito de las empresas depende de la gesti\u00f3n de las &hellip;<\/p>\n","protected":false},"author":5,"featured_media":12897,"comment_status":"open","ping_status":"open","sticky":false,"template":"","format":"standard","meta":{"footnotes":""},"categories":[76,87],"tags":[],"class_list":["post-12946","post","type-post","status-publish","format-standard","has-post-thumbnail","hentry","category-capacitacion","category-novedades"],"amp_enabled":true,"_links":{"self":[{"href":"https:\/\/www.agroeducacion.com\/website\/wp-json\/wp\/v2\/posts\/12946","targetHints":{"allow":["GET"]}}],"collection":[{"href":"https:\/\/www.agroeducacion.com\/website\/wp-json\/wp\/v2\/posts"}],"about":[{"href":"https:\/\/www.agroeducacion.com\/website\/wp-json\/wp\/v2\/types\/post"}],"author":[{"embeddable":true,"href":"https:\/\/www.agroeducacion.com\/website\/wp-json\/wp\/v2\/users\/5"}],"replies":[{"embeddable":true,"href":"https:\/\/www.agroeducacion.com\/website\/wp-json\/wp\/v2\/comments?post=12946"}],"version-history":[{"count":3,"href":"https:\/\/www.agroeducacion.com\/website\/wp-json\/wp\/v2\/posts\/12946\/revisions"}],"predecessor-version":[{"id":12959,"href":"https:\/\/www.agroeducacion.com\/website\/wp-json\/wp\/v2\/posts\/12946\/revisions\/12959"}],"wp:featuredmedia":[{"embeddable":true,"href":"https:\/\/www.agroeducacion.com\/website\/wp-json\/wp\/v2\/media\/12897"}],"wp:attachment":[{"href":"https:\/\/www.agroeducacion.com\/website\/wp-json\/wp\/v2\/media?parent=12946"}],"wp:term":[{"taxonomy":"category","embeddable":true,"href":"https:\/\/www.agroeducacion.com\/website\/wp-json\/wp\/v2\/categories?post=12946"},{"taxonomy":"post_tag","embeddable":true,"href":"https:\/\/www.agroeducacion.com\/website\/wp-json\/wp\/v2\/tags?post=12946"}],"curies":[{"name":"wp","href":"https:\/\/api.w.org\/{rel}","templated":true}]}}