{"id":12549,"date":"2021-08-29T22:02:04","date_gmt":"2021-08-30T01:02:04","guid":{"rendered":"https:\/\/www.agroeducacion.com\/website\/?p=12549"},"modified":"2021-08-30T11:04:42","modified_gmt":"2021-08-30T14:04:42","slug":"una-nueva-tendencia-para-los-precios-de-la-soja-y-el-maiz","status":"publish","type":"post","link":"https:\/\/www.agroeducacion.com\/website\/una-nueva-tendencia-para-los-precios-de-la-soja-y-el-maiz\/","title":{"rendered":"\u00bfUna nueva tendencia para los precios de la soja y el ma\u00edz?"},"content":{"rendered":"\n<figure class=\"wp-block-image size-full\"><img loading=\"lazy\" decoding=\"async\" width=\"1000\" height=\"279\" src=\"https:\/\/www.agroeducacion.com\/website\/wp-content\/uploads\/2021\/08\/encabezado-2.jpg\" alt=\"\" class=\"wp-image-12552\" srcset=\"https:\/\/www.agroeducacion.com\/website\/wp-content\/uploads\/2021\/08\/encabezado-2.jpg 1000w, https:\/\/www.agroeducacion.com\/website\/wp-content\/uploads\/2021\/08\/encabezado-2-300x84.jpg 300w, https:\/\/www.agroeducacion.com\/website\/wp-content\/uploads\/2021\/08\/encabezado-2-768x214.jpg 768w\" sizes=\"auto, (max-width: 1000px) 100vw, 1000px\" \/><\/figure>\n\n\n\n<p><strong>Por Manuel Alvarado Ledesma I Consultor y  Docente de Agroeducaci\u00f3n<\/strong><\/p>\n\n\n\n<p>Fundamentalmente, por cuestiones clim\u00e1ticas en el hemisferio norte, la semana pasada fue benigna para los precios de los granos gruesos.<\/p>\n\n\n\n<p>Los precios de la soja y el ma\u00edz, a consecuencia de la falta de lluvias en EE.UU. durante la mayor parte de agosto, obtuvieron una visible mejora en los primeros d\u00edas de esa semana.<\/p>\n\n\n\n<p>Pero, la \u00faltima jornada fue negativa; claramente para la soja.&nbsp;<\/p>\n\n\n\n<p>\u00bfEste d\u00eda marca un punto de inflexi\u00f3n en la tendencia que ven\u00eda d\u00e1ndose?&nbsp;<\/p>\n\n\n\n<p>\u00bfCu\u00e1l es la principal raz\u00f3n para el cambio operado al final de la semana?&nbsp;<\/p>\n\n\n\n<p>Primera respuesta. Est\u00e1 claro: se registraron lluvias, por su volumen, inesperadas. Se dieron en diferentes zonas el&nbsp;&nbsp;Medio Oeste estadounidense. Ergo: el tiempo h\u00famedo fue el principal fundamento bajista.<\/p>\n\n\n\n<p>El mercado consider\u00f3 a las precipitaciones como favorables para los cultivos. Sin embargo, no est\u00e1 claro el cuadro.<\/p>\n\n\n\n<p>Tambi\u00e9n, en cierta medida, la proximidad de expiraci\u00f3n de los futuros oper\u00f3 como impulsor de las bajas.&nbsp;<\/p>\n\n\n\n<p>\u00bfCu\u00e1l&nbsp;&nbsp;ha sido el efecto de las precipitaciones sobre el oeste y el norte del Medio Oeste? No hay, todav\u00eda, un panorama claro sobre ello.&nbsp;&nbsp;Hay quienes consideran que todav\u00eda han sido ben\u00e9ficas y quienes estiman que han llegado tarde.<\/p>\n\n\n\n<p>Pero no hay duda que las precipitaciones fueron considerables, muy especialmente en Iowa y Minnesota, con acumulados que en el l\u00edmite entre ambos estados su ubicaron entre 40 a 70 mil\u00edmetros. Se trata de dos Estados vitales del Corn Belt.&nbsp;<\/p>\n\n\n\n<p>Las precipitaciones y tormentas del alto Medio Oeste trajeron alivio. Pero, al mismo&nbsp;&nbsp;tiempo, han producido algunos da\u00f1os por los severos vientos. Partes del noroeste del Corn Belt sufrieron la furia de las tormentas, con da\u00f1os a\u00fan no estimados.<\/p>\n\n\n\n<p>En cuanto a las Planicies, hubo lluvias en la parte norte y muy fuertes en el este de la Dakotas. Pero, el agua ca\u00edda ser\u00eda tard\u00eda para los cultivos.<\/p>\n\n\n\n<p>&nbsp;Para ubicarnos mejor, el mapa de abajo nos muestra cu\u00e1les son los Estados del Corn Belt.<\/p>\n\n\n\n<div class=\"wp-block-image\"><figure class=\"aligncenter size-large is-resized\"><img loading=\"lazy\" decoding=\"async\" src=\"https:\/\/www.agroeducacion.com\/website\/wp-content\/uploads\/2021\/08\/Captura-de-Pantalla-2021-08-30-a-las-11.04.19-1024x669.png\" alt=\"\" class=\"wp-image-12577\" width=\"512\" height=\"335\" srcset=\"https:\/\/www.agroeducacion.com\/website\/wp-content\/uploads\/2021\/08\/Captura-de-Pantalla-2021-08-30-a-las-11.04.19-1024x669.png 1024w, https:\/\/www.agroeducacion.com\/website\/wp-content\/uploads\/2021\/08\/Captura-de-Pantalla-2021-08-30-a-las-11.04.19-300x196.png 300w, https:\/\/www.agroeducacion.com\/website\/wp-content\/uploads\/2021\/08\/Captura-de-Pantalla-2021-08-30-a-las-11.04.19-768x502.png 768w, https:\/\/www.agroeducacion.com\/website\/wp-content\/uploads\/2021\/08\/Captura-de-Pantalla-2021-08-30-a-las-11.04.19.png 1044w\" sizes=\"auto, (max-width: 512px) 100vw, 512px\" \/><\/figure><\/div>\n\n\n\n<p>M\u00e1s abajo podemos apreciar cu\u00e1les eran las \u00e1reas m\u00e1s afectadas por la sequ\u00eda en ese pa\u00eds, al d\u00eda 24 de agosto pasado, es decir poco antes de las recientes lluvias. Veamos el mapa publicado por el USDA, el d\u00eda 26.<\/p>\n\n\n\n<figure class=\"wp-block-image size-full is-resized\"><img loading=\"lazy\" decoding=\"async\" src=\"https:\/\/www.agroeducacion.com\/website\/wp-content\/uploads\/2021\/08\/2-1.jpg\" alt=\"\" class=\"wp-image-12555\" width=\"792\" height=\"467\" srcset=\"https:\/\/www.agroeducacion.com\/website\/wp-content\/uploads\/2021\/08\/2-1.jpg 429w, https:\/\/www.agroeducacion.com\/website\/wp-content\/uploads\/2021\/08\/2-1-300x177.jpg 300w\" sizes=\"auto, (max-width: 792px) 100vw, 792px\" \/><\/figure>\n\n\n\n<p>La informaci\u00f3n contenida en este mapa fue tambi\u00e9n un considerable trampol\u00edn para los precios. Con \u00e9ste, podemos tomar idea de la importancia de las lluvias, que se dieron&nbsp;&nbsp;en Estados muy necesitados de humedad.<\/p>\n\n\n\n<p>Es cierto que estas lluvias actuaron como depresor de los&nbsp;&nbsp;precios, por el lado de la oferta.<\/p>\n\n\n\n<p>Pero, desde hace varios d\u00edas viene acrecent\u00e1ndose el temor sobre las posibilidades de producci\u00f3n de otro gran oferente: Brasil.<\/p>\n\n\n\n<p>El vecino pa\u00eds est\u00e1 atravesando la peor sequ\u00eda en d\u00e9cadas, algo que afecta los cultivos y la provisi\u00f3n de energ\u00eda, as\u00ed como el transporte fluvial.<\/p>\n\n\n\n<p>El pa\u00eds sufre su mayor crisis h\u00eddrica en 91 a\u00f1os.&nbsp;&nbsp;\u00bfPodr\u00e1 este problema potenciar los precios internacionales? Veremos c\u00f3mo sigue esta pel\u00edcula.<\/p>\n\n\n\n<p>En lo referente a la demanda, la ausencia de precisiones sobre la pol\u00edtica de la Casa Blanca respecto a los biocombustibles contin\u00faa jugando en contra de los precios.<\/p>\n\n\n\n<p>Pero hay una buena noticia: el USDA&nbsp;&nbsp;contin\u00faa confirmando nuevas venta de soja 2021\/2022 a China. Se nota que las importaciones est\u00e1n aumentando. Y Colombia lo hace con el ma\u00edz.<\/p>\n\n\n\n<p>En principio el cuadro global se muestra positivo para la demanda de granos.<\/p>\n\n\n\n<p>Como podemos ver abajo, desde el 20 de agosto pasado, el valor del d\u00f3lar en t\u00e9rminos de las principales divisas evoluciona en baja.<\/p>\n\n\n\n<p><strong>\u00cdndice d\u00f3lar<\/strong><\/p>\n\n\n\n<figure class=\"wp-block-image size-large\"><img loading=\"lazy\" decoding=\"async\" width=\"1024\" height=\"480\" src=\"https:\/\/www.agroeducacion.com\/website\/wp-content\/uploads\/2021\/08\/Captura-de-Pantalla-2021-08-30-a-las-11.02.36-1024x480.png\" alt=\"\" class=\"wp-image-12576\" srcset=\"https:\/\/www.agroeducacion.com\/website\/wp-content\/uploads\/2021\/08\/Captura-de-Pantalla-2021-08-30-a-las-11.02.36-1024x480.png 1024w, https:\/\/www.agroeducacion.com\/website\/wp-content\/uploads\/2021\/08\/Captura-de-Pantalla-2021-08-30-a-las-11.02.36-300x141.png 300w, https:\/\/www.agroeducacion.com\/website\/wp-content\/uploads\/2021\/08\/Captura-de-Pantalla-2021-08-30-a-las-11.02.36-768x360.png 768w, https:\/\/www.agroeducacion.com\/website\/wp-content\/uploads\/2021\/08\/Captura-de-Pantalla-2021-08-30-a-las-11.02.36.png 1054w\" sizes=\"auto, (max-width: 1024px) 100vw, 1024px\" \/><\/figure>\n\n\n\n<p>As\u00ed est\u00e1n las cosas. Se advierten tanto puntos a favor como en contra de los precios.<\/p>\n\n\n\n<p><\/p>\n\n\n\n<p><\/p>\n\n\n\n<figure class=\"wp-block-image size-large\"><a href=\"https:\/\/www.agroeducacion.com\/website\/red-agroeducacion\/\"><img loading=\"lazy\" decoding=\"async\" width=\"1024\" height=\"178\" src=\"https:\/\/www.agroeducacion.com\/website\/wp-content\/uploads\/2021\/07\/Mesa-de-trabajo-9-1024x178.png\" alt=\"\" class=\"wp-image-12130\" srcset=\"https:\/\/www.agroeducacion.com\/website\/wp-content\/uploads\/2021\/07\/Mesa-de-trabajo-9-1024x178.png 1024w, https:\/\/www.agroeducacion.com\/website\/wp-content\/uploads\/2021\/07\/Mesa-de-trabajo-9-300x52.png 300w, https:\/\/www.agroeducacion.com\/website\/wp-content\/uploads\/2021\/07\/Mesa-de-trabajo-9-768x133.png 768w, https:\/\/www.agroeducacion.com\/website\/wp-content\/uploads\/2021\/07\/Mesa-de-trabajo-9.png 1440w\" sizes=\"auto, (max-width: 1024px) 100vw, 1024px\" \/><\/a><\/figure>\n","protected":false},"excerpt":{"rendered":"<p>Por Manuel Alvarado Ledesma I Consultor y Docente de Agroeducaci\u00f3n Fundamentalmente, por cuestiones clim\u00e1ticas en el hemisferio norte, la semana pasada fue benigna para los precios de los granos gruesos. Los precios de la soja y el ma\u00edz, a consecuencia de la falta de lluvias en EE.UU. durante la mayor parte de agosto, obtuvieron una &hellip;<\/p>\n","protected":false},"author":5,"featured_media":12556,"comment_status":"open","ping_status":"open","sticky":false,"template":"","format":"standard","meta":{"footnotes":""},"categories":[81,51],"tags":[],"class_list":["post-12549","post","type-post","status-publish","format-standard","has-post-thumbnail","hentry","category-destacados","category-granos"],"amp_enabled":true,"_links":{"self":[{"href":"https:\/\/www.agroeducacion.com\/website\/wp-json\/wp\/v2\/posts\/12549","targetHints":{"allow":["GET"]}}],"collection":[{"href":"https:\/\/www.agroeducacion.com\/website\/wp-json\/wp\/v2\/posts"}],"about":[{"href":"https:\/\/www.agroeducacion.com\/website\/wp-json\/wp\/v2\/types\/post"}],"author":[{"embeddable":true,"href":"https:\/\/www.agroeducacion.com\/website\/wp-json\/wp\/v2\/users\/5"}],"replies":[{"embeddable":true,"href":"https:\/\/www.agroeducacion.com\/website\/wp-json\/wp\/v2\/comments?post=12549"}],"version-history":[{"count":2,"href":"https:\/\/www.agroeducacion.com\/website\/wp-json\/wp\/v2\/posts\/12549\/revisions"}],"predecessor-version":[{"id":12578,"href":"https:\/\/www.agroeducacion.com\/website\/wp-json\/wp\/v2\/posts\/12549\/revisions\/12578"}],"wp:featuredmedia":[{"embeddable":true,"href":"https:\/\/www.agroeducacion.com\/website\/wp-json\/wp\/v2\/media\/12556"}],"wp:attachment":[{"href":"https:\/\/www.agroeducacion.com\/website\/wp-json\/wp\/v2\/media?parent=12549"}],"wp:term":[{"taxonomy":"category","embeddable":true,"href":"https:\/\/www.agroeducacion.com\/website\/wp-json\/wp\/v2\/categories?post=12549"},{"taxonomy":"post_tag","embeddable":true,"href":"https:\/\/www.agroeducacion.com\/website\/wp-json\/wp\/v2\/tags?post=12549"}],"curies":[{"name":"wp","href":"https:\/\/api.w.org\/{rel}","templated":true}]}}