{"id":12492,"date":"2021-08-24T09:44:48","date_gmt":"2021-08-24T12:44:48","guid":{"rendered":"https:\/\/www.agroeducacion.com\/website\/?p=12492"},"modified":"2021-08-25T12:04:13","modified_gmt":"2021-08-25T15:04:13","slug":"cuando-el-miedo-gobierna","status":"publish","type":"post","link":"https:\/\/www.agroeducacion.com\/website\/cuando-el-miedo-gobierna\/","title":{"rendered":"CUANDO EL MIEDO GOBIERNA"},"content":{"rendered":"\n<p><strong>Por Marianela De Emilio I Analista del Mercado de Granos y Docente de Agroeducaci\u00f3n<\/strong><\/p>\n\n\n\n<p>Una de las emociones m\u00e1s destructivas, si no es bien utilizada, es el miedo, y los mercados, formados por personas\/empresas\/grupos econ\u00f3micos, etc., son vulnerables a los efectos del miedo, t\u00e9cnicamente descripto como aversi\u00f3n al riesgo, lo que puede ocasionar decisiones que resulten en fuertes cambios de rumbo, que destruyen valor en el camino, afectando a los mercados m\u00e1s fr\u00e1giles.<br>El miedo o aversi\u00f3n al riesgo tiene hasta \u00edndices en los mercados burs\u00e1tiles, para ser medido, y, luego de atravesar m\u00e1s de la mitad del 2021 con mercados internacionales en alza, principalmente de granos (trigo, soja, ma\u00edz, girasol, etc.), comienzan a sonar voces que activan alarmas, y grandes capitales comienzan a moverse hacia lo que se considera mercados m\u00e1s seguros que el mercado de granos. Veamos algunos de los argumentos m\u00e1s escuchados, y el efecto temido sobre los mercados en general, y los agr\u00edcolas en particular.<\/p>\n\n\n\n<ul class=\"wp-block-list\"><li><strong>Cambio clim\u00e1tico:&nbsp;<\/strong>Fue titulado como \u201calerta roja para la humanidad\u201d, las conclusiones del secretario general de Naciones Unidas (ONU), respecto de un informe publicado el pasado 9 de agosto por ese organismo, sobre cambio clim\u00e1tico. Es el informe m\u00e1s completo hasta la fecha, y presenta n\u00fameros concretos respecto a la influencia humana sobre el calentamiento global, el aumento del nivel del mar, y la evoluci\u00f3n probable de acontecimientos, de no tomar cartas en el asunto. Los cient\u00edficos se muestran esperanzados acerca de reducir las emisiones de gases de efecto invernadero, que causa el aumento de temperatura, para lo que una de las principales metas es reducir el uso de energ\u00edas f\u00f3siles, es decir, todo lo derivado del petr\u00f3leo. Una de las principales expectativas esta puesta sobre veh\u00edculos que funcionen con energ\u00eda el\u00e9ctrica u otras formas de energ\u00eda, que suplanten al combustible convencional. En este punto, la respuesta se ver\u00e1 en bajas sostenidas del precio internacional del petr\u00f3leo, y por derrame, los biocombustibles recibir\u00e1n el mismo impacto, as\u00ed como los precios de los cultivos usados para biocombustibles (soja, ma\u00edz, ca\u00f1a de az\u00facar, etc.). Esto no ocurrir\u00e1 de un d\u00eda para el otro, pero los mercados comienzan a tomar esta informaci\u00f3n, como amenaza en menor demanda de granos y baja de precios. En noviembre de este a\u00f1o se har\u00e1 la cumbre clim\u00e1tica global COP26, y el informe emitido por la ONU tendr\u00e1 gran peso en ese evento, a partir del que podr\u00edan surgir decisiones internacionales que afecten los mercados en el corto y mediano plazo.<\/li><\/ul>\n\n\n\n<figure class=\"wp-block-image\"><img decoding=\"async\" src=\"http:\/\/www.salvadordistefano.com.ar\/UserFiles\/Image\/HOLA%20MARIANELA\/1-De%20Emilio.jpg\" alt=\"\"\/><\/figure>\n\n\n\n<ul class=\"wp-block-list\"><li><strong>Resurgimiento de amenaza sanitaria global:<\/strong>&nbsp;El miedo por informes de una nueva cepa de coronavirus, que afectar\u00eda de manera global, y escuchar que el cierre de ciudades o pa\u00edses vuelve a ser una alternativa a considerar, para evitar su propagaci\u00f3n, genera impactos de corto plazo en los mercados del mundo, que reaccionan escapando de mercados riesgosos, como los de granos, y apostando por mercados m\u00e1s seguros, como bonos del tesoro americano, oro, entre otros. La quita de capitales del mercado de granos, resulta en bajas de precios internacionales.<\/li><li><strong>Quita de incentivos econ\u00f3micos en Estados Unidos:<\/strong>&nbsp;El pasado 19 de agosto se reunieron los directivos de la Reserva Federal de Estados Unidos (FED), para consensuar sobre la quita de est\u00edmulos econ\u00f3micos que vienen entregando a trav\u00e9s de diferentes mecanismos, a la poblaci\u00f3n y empresas estadounidenses. Si bien, hasta fin de a\u00f1o, no se espera suspender estos est\u00edmulos, est\u00e1 en agenda que, m\u00e1s temprano que tarde hay que reducirlos y\/o eliminarlos, ante la recuperaci\u00f3n de la econom\u00eda estadounidense, y la necesidad de limitar la inflaci\u00f3n en ese pa\u00eds, cuya meta es no superar el 2% anual. El efecto de esto ser\u00eda una revaluaci\u00f3n del D\u00f3lar estadounidense, y resultar\u00eda en baja de precios de los granos, ya que, para que Estados Unidos pueda ser competitivo con sus exportaciones de granos, baja sus precios para compensar el mayor valor del D\u00f3lar que deber\u00e1n pagar los pa\u00edses que le compran cereal u otras materias primas. Sabemos que, de pasar esto, los precios internacionales impactaran en nuestros precios de granos, con bajas.<\/li><li><strong>Clima en los principales exportadores de granos:<\/strong>&nbsp;Uno de los eventos m\u00e1s temidos los \u00faltimos meses, fue la sequ\u00eda en Estados Unidos, considerando que este pa\u00eds siembra cuando Argentina cosecha, y viceversa, la sequ\u00eda y las altas temperaturas de muchos estados productores de soja y ma\u00edz durante junio y julio, pod\u00eda resultar en fuertes recortes productivos para este gran exportador, y sostuvo los precios internacionales en niveles altos. Sin embargo, el pasado 20 de agosto, finaliz\u00f3 un cl\u00e1sico recorrido agr\u00edcola en USA, el profarmer tour 2021, que, despu\u00e9s de visitar campos y monitorear el estado de los cultivos, midiendo potenciales rendimientos, inform\u00f3 que las p\u00e9rdidas de cosecha por sequ\u00eda, de algunos estados productores, podr\u00edan ser compensadas por los excelentes rendimientos de otros estados, que recibieron lluvias y temperaturas \u00f3ptimas durante su ciclo productivo. Esto quita del medio un condimento de miedo, hacia no disponer de mercader\u00eda, por parte de los compradores de materias primas, y los precios tienden a bajar. Lo que viene es Sudam\u00e9rica, y la amenaza de sequ\u00eda en Brasil y Argentina, que ya comienzan con tareas de siembra, y grandes superficies de suelo productivo, no disponen de humedad suficiente, mientras los pron\u00f3sticos de lluvias hasta noviembre 2021 no son nada prometedores, con la consecuente amenaza productiva, y la continuidad de bajante del R\u00edo Paran\u00e1, v\u00eda de salida del mayor volumen de exportaciones agroindustriales del pa\u00eds. Esto sostendr\u00e1 a los mercados internacionales con temor de menor producci\u00f3n, y en el mediano plazo, seg\u00fan la evoluci\u00f3n del clima, sostendr\u00e1 o no los altos precios internacionales.<\/li><\/ul>\n\n\n\n<figure class=\"wp-block-image size-large\"><a href=\"https:\/\/www.agroeducacion.com\/website\/programa-de-comercializacion-granaria-2\/\"><img loading=\"lazy\" decoding=\"async\" width=\"1024\" height=\"178\" src=\"https:\/\/www.agroeducacion.com\/website\/wp-content\/uploads\/2021\/08\/Sin-titulo-1-copia-1024x178.gif\" alt=\"\" class=\"wp-image-12505\" srcset=\"https:\/\/www.agroeducacion.com\/website\/wp-content\/uploads\/2021\/08\/Sin-titulo-1-copia-1024x178.gif 1024w, https:\/\/www.agroeducacion.com\/website\/wp-content\/uploads\/2021\/08\/Sin-titulo-1-copia-300x52.gif 300w, https:\/\/www.agroeducacion.com\/website\/wp-content\/uploads\/2021\/08\/Sin-titulo-1-copia-768x133.gif 768w\" sizes=\"auto, (max-width: 1024px) 100vw, 1024px\" \/><\/a><\/figure>\n\n\n\n<p>&nbsp;Cambio clim\u00e1tico global, amenaza de resurgimiento de crisis sanitaria y D\u00f3lar estadounidense m\u00e1s fuerte, pone a los agentes del mercado muy susceptibles al riesgo, y el temor gobierna parte de las decisiones, quitando capital del mercado de granos y subproductos, impactando en baja de precios. Para comprender como estas noticias tan globales afectan a nuestro pa\u00eds, repasemos que Argentina necesita imperiosamente ingreso de divisas, que casi&nbsp;70% de las divisas que ingresan de las exportaciones, provienen de productos primarios y manufacturas de origen agropecuario, m\u00e1s espec\u00edficamente,&nbsp;43% de las exportaciones provienen de los complejos de soja, ma\u00edz y trigo. En los siguientes gr\u00e1ficos puede verse el volumen exportado del complejo sojero (grano, harina y aceite) entre enero y junio del 2020 y 2021, que pr\u00e1cticamente no cambi\u00f3, ya que la sumatoria de productos sum\u00f3 19,25 millones de toneladas exportadas en 2020 y 19,58 millones en 2021, pero vemos el precio promedio que recibi\u00f3 el pa\u00eds por esas exportaciones, y, mientras en 2020 fue&nbsp;<strong><em>U$S 375,5\/TN<\/em><\/strong>, en 2021 fue&nbsp;<em><strong>U$S 556,5\/TN<\/strong><\/em>. Es decir que Argentina recibi\u00f3 un precio casi 50% superior en sus exportaciones del complejo de soja en el primer semestre del 2021 versus el 2020. Algo similar ocurri\u00f3 con el complejo maicero (grano y aceite), y el triguero (grano y harina), en los tres se observa un notable incremento de precios, que result\u00f3 en mayor ingreso de divisas al pa\u00eds.<\/p>\n\n\n\n<figure class=\"wp-block-image\"><img decoding=\"async\" src=\"http:\/\/www.salvadordistefano.com.ar\/UserFiles\/Image\/HOLA%20MARIANELA\/2-De%20Emilio.jpg\" alt=\"\"\/><\/figure>\n\n\n\n<p><strong>Fuente:<\/strong>&nbsp;Elaboraci\u00f3n propia en base a datos del MAGYP<br>En el \u00faltimo gr\u00e1fico tenemos la sumatoria de divisas que ingresaron por estos tres complejos agroindustriales, en el primer semestre del 2020 y 2021, y, a pesar del menos volumen exportado de ma\u00edz y trigo, en suma, ingresaron m\u00e1s de&nbsp;<em><strong>U$S 4.000 millones de D\u00f3lares<\/strong><\/em>&nbsp;que el a\u00f1o pasado.<\/p>\n\n\n\n<figure class=\"wp-block-image\"><img decoding=\"async\" src=\"http:\/\/www.salvadordistefano.com.ar\/UserFiles\/Image\/HOLA%20MARIANELA\/3-De%20Emilio.jpg\" alt=\"\"\/><\/figure>\n\n\n\n<p><strong>Fuente:<\/strong>&nbsp;Elaboraci\u00f3n propia en base a datos del MAGYP<br><strong>Conclusiones:<\/strong>&nbsp;De los cuatro grandes aspectos analizados, para comprender donde se enfocan los mercados internacionales, el \u00fanico elemento que permitir\u00eda potenciales subas, es el clima en Am\u00e9rica, Estados Unidos, Argentina y Brasil principalmente. No obstante, eso nos perjudicar\u00eda por menor volumen potencial de exportaciones, en caso que haya un quebranto productivo en la pr\u00f3xima cosecha. M\u00e1s del 40% de las divisas que ingresan al pa\u00eds, provienen de tres cultivos muy amenazados por los mercados internacionales. Vemos este a\u00f1o como el mayor ingreso de divisas se logr\u00f3 gracias a las subas internacionales \u00bfqu\u00e9 ocurrir\u00e1 si el miedo golpea a los mercados y los precios bajan?<br>Nuestro mercado exportador, nuestro potencial ingreso de divisas, es muy fr\u00e1gil y vulnerable a cambios de rumbo en los mercados internacionales. Conocer y asumir esta realidad, tiene que ser la chispa que encienda propuestas para fortalecer nuestras debilidades, lo que solo se lograr\u00e1 con desarrollo de alternativas de agregado de valor y valent\u00eda para abrir caminos construyendo calzadas y no barreras. Cuando el valor supera al miedo, las decisiones se ponen en movimiento.<\/p>\n\n\n\n<p><strong>Por Marianela De Emilio I Analista del Mercado de Granos y Docente de Agroeducaci\u00f3n<\/strong><\/p>\n\n\n\n<figure class=\"wp-block-image size-large\"><a href=\"https:\/\/www.agroeducacion.com\/website\/red-agroeducacion\/\"><img loading=\"lazy\" decoding=\"async\" width=\"1024\" height=\"178\" src=\"https:\/\/www.agroeducacion.com\/website\/wp-content\/uploads\/2021\/07\/Mesa-de-trabajo-9-1024x178.png\" alt=\"\" class=\"wp-image-12130\" srcset=\"https:\/\/www.agroeducacion.com\/website\/wp-content\/uploads\/2021\/07\/Mesa-de-trabajo-9-1024x178.png 1024w, https:\/\/www.agroeducacion.com\/website\/wp-content\/uploads\/2021\/07\/Mesa-de-trabajo-9-300x52.png 300w, https:\/\/www.agroeducacion.com\/website\/wp-content\/uploads\/2021\/07\/Mesa-de-trabajo-9-768x133.png 768w, https:\/\/www.agroeducacion.com\/website\/wp-content\/uploads\/2021\/07\/Mesa-de-trabajo-9.png 1440w\" sizes=\"auto, (max-width: 1024px) 100vw, 1024px\" \/><\/a><\/figure>\n","protected":false},"excerpt":{"rendered":"<p>Por Marianela De Emilio I Analista del Mercado de Granos y Docente de Agroeducaci\u00f3n Una de las emociones m\u00e1s destructivas, si no es bien utilizada, es el miedo, y los mercados, formados por personas\/empresas\/grupos econ\u00f3micos, etc., son vulnerables a los efectos del miedo, t\u00e9cnicamente descripto como aversi\u00f3n al riesgo, lo que puede ocasionar decisiones que &hellip;<\/p>\n","protected":false},"author":5,"featured_media":12497,"comment_status":"open","ping_status":"open","sticky":false,"template":"","format":"standard","meta":{"footnotes":""},"categories":[1,81,51],"tags":[],"class_list":["post-12492","post","type-post","status-publish","format-standard","has-post-thumbnail","hentry","category-contenido-exclusivo","category-destacados","category-granos"],"amp_enabled":true,"_links":{"self":[{"href":"https:\/\/www.agroeducacion.com\/website\/wp-json\/wp\/v2\/posts\/12492","targetHints":{"allow":["GET"]}}],"collection":[{"href":"https:\/\/www.agroeducacion.com\/website\/wp-json\/wp\/v2\/posts"}],"about":[{"href":"https:\/\/www.agroeducacion.com\/website\/wp-json\/wp\/v2\/types\/post"}],"author":[{"embeddable":true,"href":"https:\/\/www.agroeducacion.com\/website\/wp-json\/wp\/v2\/users\/5"}],"replies":[{"embeddable":true,"href":"https:\/\/www.agroeducacion.com\/website\/wp-json\/wp\/v2\/comments?post=12492"}],"version-history":[{"count":2,"href":"https:\/\/www.agroeducacion.com\/website\/wp-json\/wp\/v2\/posts\/12492\/revisions"}],"predecessor-version":[{"id":12509,"href":"https:\/\/www.agroeducacion.com\/website\/wp-json\/wp\/v2\/posts\/12492\/revisions\/12509"}],"wp:featuredmedia":[{"embeddable":true,"href":"https:\/\/www.agroeducacion.com\/website\/wp-json\/wp\/v2\/media\/12497"}],"wp:attachment":[{"href":"https:\/\/www.agroeducacion.com\/website\/wp-json\/wp\/v2\/media?parent=12492"}],"wp:term":[{"taxonomy":"category","embeddable":true,"href":"https:\/\/www.agroeducacion.com\/website\/wp-json\/wp\/v2\/categories?post=12492"},{"taxonomy":"post_tag","embeddable":true,"href":"https:\/\/www.agroeducacion.com\/website\/wp-json\/wp\/v2\/tags?post=12492"}],"curies":[{"name":"wp","href":"https:\/\/api.w.org\/{rel}","templated":true}]}}