{"id":12354,"date":"2021-08-10T13:48:48","date_gmt":"2021-08-10T16:48:48","guid":{"rendered":"https:\/\/www.agroeducacion.com\/website\/?p=12354"},"modified":"2024-03-07T09:32:24","modified_gmt":"2024-03-07T12:32:24","slug":"programa-de-comercializacion-granaria-2","status":"publish","type":"post","link":"https:\/\/www.agroeducacion.com\/website\/programa-de-comercializacion-granaria-2\/","title":{"rendered":"Programa de Comercializaci\u00f3n Granaria"},"content":{"rendered":"\n<p><\/p>\n\n\n\n<figure class=\"wp-block-embed is-type-video is-provider-vimeo wp-block-embed-vimeo wp-embed-aspect-16-9 wp-has-aspect-ratio\"><div class=\"wp-block-embed__wrapper\">\n<iframe loading=\"lazy\" title=\"Promo - Programa de Comercializaci\u00f3n Granaria (16.9)\" src=\"https:\/\/player.vimeo.com\/video\/596493646?h=24ee76df69&amp;dnt=1&amp;app_id=122963\" width=\"500\" height=\"281\" frameborder=\"0\" allow=\"autoplay; fullscreen; picture-in-picture; clipboard-write\"><\/iframe>\n<\/div><\/figure>\n\n\n\n<p><strong>\u00b7 Edici\u00f3n \u00b7 2021 \u00b7<\/strong><\/p>\n\n\n\n<p><br>En Agroeducaci\u00f3n apostamos al aprendizaje. Sabemos que es la \u00fanica herramienta que permite<br>a los profesionales, especializarse.<br>El objetivo del Programa es cubrir las necesidades de conocimiento del sector agropecuario,<br>combinando teor\u00eda y pr\u00e1ctica, trayectoria y experiencias a trav\u00e9s de los principales referentes en<br>cada una de las tem\u00e1ticas a desarrollar.<\/p>\n\n\n\n<p><br><strong>OBJETIVOS<\/strong><br>\u2714 Brindar una visi\u00f3n integral sobre el mercado agropecuario, ofreciendo las herramientas<br>para entender y adecuarse a los constantes cambios en las reglas de juego del sector.<br>\u2714 Estimular la formaci\u00f3n acad\u00e9mica, competitiva y profesional, desarrollando el esp\u00edritu<br>empresarial, motivando la innovaci\u00f3n, el liderazgo.<\/p>\n\n\n\n<p><strong><br>CURSADO<br>\u2714<\/strong> Inicio: 10 de septiembre 2021<br>\u2714 Duraci\u00f3n: 3 meses \u00b7 10 encuentros de cursado obligatoria \u00b7 viernes cada 15 d\u00edas de 14 a 18.<br>\u2714 Clases complementarias y optativas: mi\u00e9rcoles cada 15 d\u00edas de 9 a 12.30. o de 14.30 a<br>18.00.<\/p>\n\n\n\n<p><br><strong>METODOLOG\u00cdA<\/strong><br>En Agroeducaci\u00f3n invertimos permanentemente en nuevas tecnolog\u00edas que permitan ampliar la<br>posibilidad de cursado, expandiendo nuestros horizontes. El objetivo es que los alumnos puedan<br>cursar sin tener que trasladarse, optando por la modalidad elegida en cada clase inclusive<br>combinando las metodolog\u00edas.<br>\u2714 Presencial: en las oficinas de Agroeducaci\u00f3n \u00b7 Rosario, C\u00f3rdoba 1452 piso 5 oficina D.<br>Activados protocolos COVID- 19<br>\u2714 A distancia: en tiempo real por medio de herramientas de videoconferencia. Conexi\u00f3n del<br>alumno<br>en fecha y horario determinado de la clase.<br>\u2714 A distancia en Diferido: en el momento que lo defina cada alumno por medio de link de las<br>clases Grabadas<br>La interacci\u00f3n con los docentes est\u00e1 habilitada en las tres opciones de cursado, por medio de<br>los soportes definidos seg\u00fan cada metodolog\u00eda.<\/p>\n\n\n\n<p><\/p>\n\n\n\n<p><strong>COMERCIALIZACI\u00d3N GRANARIA \u2013 10 de Septiembre \/ Diciembre 2021<\/strong><br>Objetivo es brindar, conocimiento sobre mercado granario internacional y estructura comercial local.<br>Desarrollar coberturas flexibles de riesgo precio y especulativas que permitan manejar estrategias<br>que aseguren m\u00e1rgenes de ganancias esperados.<\/p>\n\n\n\n<div class=\"wp-block-image\"><figure class=\"aligncenter size-large\"><img loading=\"lazy\" decoding=\"async\" width=\"454\" height=\"1024\" src=\"https:\/\/www.agroeducacion.com\/website\/wp-content\/uploads\/2021\/09\/SPEMesa-de-trabajo-9-454x1024.png\" alt=\"\" class=\"wp-image-12611\" srcset=\"https:\/\/www.agroeducacion.com\/website\/wp-content\/uploads\/2021\/09\/SPEMesa-de-trabajo-9-454x1024.png 454w, https:\/\/www.agroeducacion.com\/website\/wp-content\/uploads\/2021\/09\/SPEMesa-de-trabajo-9-133x300.png 133w, https:\/\/www.agroeducacion.com\/website\/wp-content\/uploads\/2021\/09\/SPEMesa-de-trabajo-9.png 633w\" sizes=\"auto, (max-width: 454px) 100vw, 454px\" \/><\/figure><\/div>\n\n\n\n<p><strong>Webinars Complementarias Semanales:<\/strong><br>\u2714 \u201cComit\u00e9 de Crisis\u201d \u2013 Salvador Di Stefano\/Antonio Ochoa\/Carlos Etchepare:<br>Entrevistas a especialistas del sector, sobre temas coyunturales, para facilitar la toma de<br>decisiones del productor agropecuario. Temas: Mercados, Pol\u00edtica, Econom\u00eda, Gesti\u00f3n,<br>Impuestos, etc.<\/p>\n\n\n\n<p><br><strong>Bonus Track &#8211; Programa de Comercializaci\u00f3n Granaria<\/strong><br>Permanente contacto entre los Alumnos del Curso de Postgrado en Agronegocios, Directores,<br>Docentes y amigos a trav\u00e9s de diferentes soportes.<br>\u2714 Informe Econ\u00f3mico\/Financiero: Salvador Di Stefano<br>\u2714 Informe Mercados Internacionales: Antonio Ochoa<br>\u2714 Informe On The Road: Hernan Fernandez Martinez<br>\u2714 Reporte Ganadero: Nicol\u00e1s Razzetti<br>\u2714 Informe Pol\u00edtico: Claudio Chiaruttini<\/p>\n\n\n\n<p><br><strong>Inversi\u00f3n Programa de Comercializaci\u00f3n<\/strong><br>55.000 + IVA Pago Contado<br>60.000 + IVA en 6 cuotas fijas de $10.000 Cheque \/Transferencia bancaria<br>Alumnos del Exterior U$550 Pago Paypal<\/p>\n\n\n\n<p><br><strong>Consultas<\/strong><br>Para obtener mayor informaci\u00f3n podr\u00e1 comunicarse con:<br>Andrea Gentile, Directora Ejecutiva Mail: andrea@agroeducacion.com<br>Celular \/ Whatsapp: + 54 9 341 352 9788<\/p>\n\n\n\n<div class=\"wp-block-buttons is-layout-flex wp-block-buttons-is-layout-flex\">\n<div class=\"wp-block-button has-custom-width wp-block-button__width-100\"><a class=\"wp-block-button__link has-background\" href=\"https:\/\/agroeducacion.3gmatika.com\/inscripcion\/index.php?idcurso=559\" style=\"background-color:#6fb6b0\"><strong>INSCRIBIRSE AQU\u00cd<\/strong><\/a><\/div>\n<\/div>\n","protected":false},"excerpt":{"rendered":"<p>\u00b7 Edici\u00f3n \u00b7 2021 \u00b7 En Agroeducaci\u00f3n apostamos al aprendizaje. Sabemos que es la \u00fanica herramienta que permitea los profesionales, especializarse.El objetivo del Programa es cubrir las necesidades de conocimiento del sector agropecuario,combinando teor\u00eda y pr\u00e1ctica, trayectoria y experiencias a trav\u00e9s de los principales referentes encada una de las tem\u00e1ticas a desarrollar. OBJETIVOS\u2714 Brindar una &hellip;<\/p>\n","protected":false},"author":5,"featured_media":12506,"comment_status":"open","ping_status":"open","sticky":false,"template":"","format":"standard","meta":{"footnotes":""},"categories":[1],"tags":[],"class_list":["post-12354","post","type-post","status-publish","format-standard","has-post-thumbnail","hentry","category-contenido-exclusivo"],"amp_enabled":true,"_links":{"self":[{"href":"https:\/\/www.agroeducacion.com\/website\/wp-json\/wp\/v2\/posts\/12354","targetHints":{"allow":["GET"]}}],"collection":[{"href":"https:\/\/www.agroeducacion.com\/website\/wp-json\/wp\/v2\/posts"}],"about":[{"href":"https:\/\/www.agroeducacion.com\/website\/wp-json\/wp\/v2\/types\/post"}],"author":[{"embeddable":true,"href":"https:\/\/www.agroeducacion.com\/website\/wp-json\/wp\/v2\/users\/5"}],"replies":[{"embeddable":true,"href":"https:\/\/www.agroeducacion.com\/website\/wp-json\/wp\/v2\/comments?post=12354"}],"version-history":[{"count":11,"href":"https:\/\/www.agroeducacion.com\/website\/wp-json\/wp\/v2\/posts\/12354\/revisions"}],"predecessor-version":[{"id":12612,"href":"https:\/\/www.agroeducacion.com\/website\/wp-json\/wp\/v2\/posts\/12354\/revisions\/12612"}],"wp:featuredmedia":[{"embeddable":true,"href":"https:\/\/www.agroeducacion.com\/website\/wp-json\/wp\/v2\/media\/12506"}],"wp:attachment":[{"href":"https:\/\/www.agroeducacion.com\/website\/wp-json\/wp\/v2\/media?parent=12354"}],"wp:term":[{"taxonomy":"category","embeddable":true,"href":"https:\/\/www.agroeducacion.com\/website\/wp-json\/wp\/v2\/categories?post=12354"},{"taxonomy":"post_tag","embeddable":true,"href":"https:\/\/www.agroeducacion.com\/website\/wp-json\/wp\/v2\/tags?post=12354"}],"curies":[{"name":"wp","href":"https:\/\/api.w.org\/{rel}","templated":true}]}}