{"id":11932,"date":"2021-07-14T12:47:36","date_gmt":"2021-07-14T12:47:36","guid":{"rendered":"https:\/\/www.agroeducacion.com\/website\/?p=11932"},"modified":"2021-07-14T12:47:37","modified_gmt":"2021-07-14T12:47:37","slug":"en-un-escenario-tirante-usda-mostro-numeros-algo-mayores-a-lo-previsto","status":"publish","type":"post","link":"https:\/\/www.agroeducacion.com\/website\/en-un-escenario-tirante-usda-mostro-numeros-algo-mayores-a-lo-previsto\/","title":{"rendered":"En un escenario tirante USDA mostr\u00f3 n\u00fameros algo mayores a lo previsto"},"content":{"rendered":"\n<p><strong>Por Iv\u00e1n Barbero | Analista de granos<\/strong><\/p>\n\n\n\n<p><strong>Soja<\/strong><\/p>\n\n\n\n<p>Stocks 21\/22 EEUU mayor a lo previsto, aunque las cuentas se siguen mostrando tirantes. Todav\u00eda existe margen para fuertes cambios en stock\/consumo, cuando estamos por ingresar al epicentro clim\u00e1tico.<\/p>\n\n\n\n<p>El reporte de USDA ha informado un escenario algo m\u00e1s holgado a lo esperado en EEUU para el pr\u00f3ximo a\u00f1o comercial, cuando restan un par de semanas para que entremos en el coraz\u00f3n del mercado clim\u00e1tico.<\/p>\n\n\n\n<p>En este sentido, el organismo ha dado a conocer que los stocks norteamericanos se proyectan en 4.2 mill tt en comparaci\u00f3n a las 4 mill tt que anticipaban los privados. Por su parte, en la evoluci\u00f3n interanual se observa un ligero aumento de 500 mil tt (gr\u00e1fico 1 a trav\u00e9s de las barras y el eje izquierdo).<\/p>\n\n\n\n<p>De lo anterior se desprende que la relaci\u00f3n stock\/consumo norteamericana se ubica en 3.5% en el pr\u00f3ximo per\u00edodo (l\u00ednea roja siguiendo el eje derecho), y si bien se recupera levemente frente al ciclo actual no hay dudas de que el panorama luce inc\u00f3modo.<\/p>\n\n\n\n<p><strong>Gr\u00e1fico 1<\/strong><\/p>\n\n\n\n<figure class=\"wp-block-image size-large is-resized\"><img loading=\"lazy\" decoding=\"async\" src=\"https:\/\/www.agroeducacion.com\/website\/wp-content\/uploads\/2021\/07\/Captura-de-Pantalla-2021-07-14-a-las-08.50.20-1024x694.png\" alt=\"\" class=\"wp-image-11936\" width=\"512\" height=\"347\" srcset=\"https:\/\/www.agroeducacion.com\/website\/wp-content\/uploads\/2021\/07\/Captura-de-Pantalla-2021-07-14-a-las-08.50.20-1024x694.png 1024w, https:\/\/www.agroeducacion.com\/website\/wp-content\/uploads\/2021\/07\/Captura-de-Pantalla-2021-07-14-a-las-08.50.20-300x203.png 300w, https:\/\/www.agroeducacion.com\/website\/wp-content\/uploads\/2021\/07\/Captura-de-Pantalla-2021-07-14-a-las-08.50.20-768x521.png 768w, https:\/\/www.agroeducacion.com\/website\/wp-content\/uploads\/2021\/07\/Captura-de-Pantalla-2021-07-14-a-las-08.50.20-220x150.png 220w, https:\/\/www.agroeducacion.com\/website\/wp-content\/uploads\/2021\/07\/Captura-de-Pantalla-2021-07-14-a-las-08.50.20.png 1236w\" sizes=\"auto, (max-width: 512px) 100vw, 512px\" \/><\/figure>\n\n\n\n<p>En comparaci\u00f3n al mes pasado se advierte que USDA no ha aplicado cambios a su estimaci\u00f3n de oferta, la cual trepa a casi 120 mill tt bajo las premisas de rindes de 34.2 qq\/ha (el mercado sigue viendo esta previsi\u00f3n como excesiva, aunque hist\u00f3ricamente ha sido poco frecuente que la productividad cambie en julio) y una superficie cosechable de 35.1 mill has.<\/p>\n\n\n\n<p>Este dato se ha ubicado 300 mil tt por encima de lo que esperaba el consenso de los privados, y si bien la variaci\u00f3n es sutil su impacto en un a\u00f1o comercial tan ajustado en materia de existencias resulta considerable.<\/p>\n\n\n\n<p>Como queda reflejado en el gr\u00e1fico 2 que se muestra a continuaci\u00f3n (barras y eje izquierdo), el volumen actual resulta casi 4 mill tt menor al r\u00e9cord de la temporada 17\/18, mientras que en comparaci\u00f3n al ciclo en curso el salto supera las 7 mill tt.<\/p>\n\n\n\n<p><strong>Gr\u00e1fico 2<\/strong><\/p>\n\n\n\n<figure class=\"wp-block-image size-large is-resized\"><img loading=\"lazy\" decoding=\"async\" src=\"https:\/\/www.agroeducacion.com\/website\/wp-content\/uploads\/2021\/07\/Captura-de-Pantalla-2021-07-14-a-las-08.51.41-1024x698.png\" alt=\"\" class=\"wp-image-11937\" width=\"512\" height=\"349\" srcset=\"https:\/\/www.agroeducacion.com\/website\/wp-content\/uploads\/2021\/07\/Captura-de-Pantalla-2021-07-14-a-las-08.51.41-1024x698.png 1024w, https:\/\/www.agroeducacion.com\/website\/wp-content\/uploads\/2021\/07\/Captura-de-Pantalla-2021-07-14-a-las-08.51.41-300x205.png 300w, https:\/\/www.agroeducacion.com\/website\/wp-content\/uploads\/2021\/07\/Captura-de-Pantalla-2021-07-14-a-las-08.51.41-768x524.png 768w, https:\/\/www.agroeducacion.com\/website\/wp-content\/uploads\/2021\/07\/Captura-de-Pantalla-2021-07-14-a-las-08.51.41-220x150.png 220w, https:\/\/www.agroeducacion.com\/website\/wp-content\/uploads\/2021\/07\/Captura-de-Pantalla-2021-07-14-a-las-08.51.41.png 1232w\" sizes=\"auto, (max-width: 512px) 100vw, 512px\" \/><\/figure>\n\n\n\n<p>En otro orden, en lo concerniente a las exportaciones norteamericanas, el organismo est\u00e1 previendo que en la campa\u00f1a 21\/22 esta variable alcanzar\u00e1 las 56.5 mill tt (barras verdes y eje izquierdo), recort\u00e1ndose m\u00e1s de 5 mill tt respecto al pico hist\u00f3rico del per\u00edodo que termina a finales de agosto.<\/p>\n\n\n\n<p>De esto se deduce que mantener un escenario casi similar al actual requiere un marcado deterioro de las exportaciones, lo cual resulta una inc\u00f3gnita mirando el mediano plazo.<\/p>\n\n\n\n<p><strong>Gr\u00e1fico 3<\/strong><\/p>\n\n\n\n<figure class=\"wp-block-image size-large is-resized\"><img loading=\"lazy\" decoding=\"async\" src=\"https:\/\/www.agroeducacion.com\/website\/wp-content\/uploads\/2021\/07\/Captura-de-Pantalla-2021-07-14-a-las-08.52.34-1024x717.png\" alt=\"\" class=\"wp-image-11938\" width=\"512\" height=\"359\" srcset=\"https:\/\/www.agroeducacion.com\/website\/wp-content\/uploads\/2021\/07\/Captura-de-Pantalla-2021-07-14-a-las-08.52.34-1024x717.png 1024w, https:\/\/www.agroeducacion.com\/website\/wp-content\/uploads\/2021\/07\/Captura-de-Pantalla-2021-07-14-a-las-08.52.34-300x210.png 300w, https:\/\/www.agroeducacion.com\/website\/wp-content\/uploads\/2021\/07\/Captura-de-Pantalla-2021-07-14-a-las-08.52.34-768x538.png 768w, https:\/\/www.agroeducacion.com\/website\/wp-content\/uploads\/2021\/07\/Captura-de-Pantalla-2021-07-14-a-las-08.52.34.png 1234w\" sizes=\"auto, (max-width: 512px) 100vw, 512px\" \/><\/figure>\n\n\n\n<p>A nivel internacional (suponiendo una producci\u00f3n de 144 mill tt para Brasil y 52 mill tt para Argentina) el ratio stock\/consumo se sostendr\u00eda en casi 25% (l\u00ednea negra y eje derecho del gr\u00e1fico 4). De esta manera estar\u00edamos en presencia del segundo escenario m\u00e1s acotado de los \u00faltimos 8 a\u00f1os, muy lejos del 33% registrado en 18\/19.<\/p>\n\n\n\n<p><strong>Gr\u00e1fico 4<\/strong><\/p>\n\n\n\n<figure class=\"wp-block-image size-large is-resized\"><img loading=\"lazy\" decoding=\"async\" src=\"https:\/\/www.agroeducacion.com\/website\/wp-content\/uploads\/2021\/07\/Captura-de-Pantalla-2021-07-14-a-las-08.54.02-1024x670.png\" alt=\"\" class=\"wp-image-11939\" width=\"604\" height=\"395\" srcset=\"https:\/\/www.agroeducacion.com\/website\/wp-content\/uploads\/2021\/07\/Captura-de-Pantalla-2021-07-14-a-las-08.54.02-1024x670.png 1024w, https:\/\/www.agroeducacion.com\/website\/wp-content\/uploads\/2021\/07\/Captura-de-Pantalla-2021-07-14-a-las-08.54.02-300x196.png 300w, https:\/\/www.agroeducacion.com\/website\/wp-content\/uploads\/2021\/07\/Captura-de-Pantalla-2021-07-14-a-las-08.54.02-768x502.png 768w, https:\/\/www.agroeducacion.com\/website\/wp-content\/uploads\/2021\/07\/Captura-de-Pantalla-2021-07-14-a-las-08.54.02.png 1208w\" sizes=\"auto, (max-width: 604px) 100vw, 604px\" \/><\/figure>\n\n\n\n<p>A modo de conclusi\u00f3n, con Fundamentals mostr\u00e1ndose muy s\u00f3lidos, el clima en el Medio Oeste de EEUU tiene mucho por decir en t\u00e9rminos de productividad y esto puede alterar notablemente las proyecciones oficiales en adelante.<\/p>\n\n\n\n<p>El espacio para un shock de precios todav\u00eda es factible (Fondos comprados, aunque en forma moderada), tomando en consideraci\u00f3n que la definici\u00f3n de rindes se producir\u00e1 en agosto.<\/p>\n\n\n\n<p><strong>Ma\u00edz<\/strong><\/p>\n\n\n\n<p>Reporte USDA negativo para este mercado, aunque en un contexto en que las cuentas norteamericanas son relativamente escasas. La incertidumbre por el lado de la oferta podr\u00eda brindar soporte en Chicago hasta la cosecha.<\/p>\n\n\n\n<p>El informe de USDA puede interpretarse como moderadamente desfavorable para este cultivo, habida cuenta de que los inventarios norteamericanos del pr\u00f3ximo per\u00edodo han resultado mayores a lo anticipado (36.4 mill tt contra 35.6 mill tt que se esperaba, barras en el gr\u00e1fico 5).<\/p>\n\n\n\n<p>A pesar de lo anterior, por el momento los n\u00fameros de este cultivo est\u00e1n exhibiendo el segundo escenario m\u00e1s acotado en 8 temporadas, con una relaci\u00f3n stock\/consumo menor al 10% (l\u00ednea roja y eje derecho) que equivale a decir que los inventarios alcanzan para 35 d\u00edas de consumo.<\/p>\n\n\n\n<p><strong>Gr\u00e1fico 5<\/strong><\/p>\n\n\n\n<figure class=\"wp-block-image size-large is-resized\"><img loading=\"lazy\" decoding=\"async\" src=\"https:\/\/www.agroeducacion.com\/website\/wp-content\/uploads\/2021\/07\/Captura-de-Pantalla-2021-07-14-a-las-08.55.07-1024x719.png\" alt=\"\" class=\"wp-image-11940\" width=\"512\" height=\"360\" srcset=\"https:\/\/www.agroeducacion.com\/website\/wp-content\/uploads\/2021\/07\/Captura-de-Pantalla-2021-07-14-a-las-08.55.07-1024x719.png 1024w, https:\/\/www.agroeducacion.com\/website\/wp-content\/uploads\/2021\/07\/Captura-de-Pantalla-2021-07-14-a-las-08.55.07-300x211.png 300w, https:\/\/www.agroeducacion.com\/website\/wp-content\/uploads\/2021\/07\/Captura-de-Pantalla-2021-07-14-a-las-08.55.07-768x540.png 768w, https:\/\/www.agroeducacion.com\/website\/wp-content\/uploads\/2021\/07\/Captura-de-Pantalla-2021-07-14-a-las-08.55.07.png 1210w\" sizes=\"auto, (max-width: 512px) 100vw, 512px\" \/><\/figure>\n\n\n\n<p>Por su parte, este panorama m\u00e1s holgado a lo previsto encuentra su justificaci\u00f3n en una producci\u00f3n que se estima en 385 mill tt (ver gr\u00e1fico 6), lo que supera en m\u00e1s de 4 mill tt la proyecci\u00f3n de junio. A ese n\u00famero se llega con una superficie cosechable de 34.2 mill has (400 mil has por encima de junio) y una productividad de 112.7 qq\/ha.<\/p>\n\n\n\n<p>Respecto a esto \u00faltimo, no hab\u00eda grandes expectativas de que el organismo modifique los rindes entre junio y julio, teniendo en cuenta que s\u00f3lo lo ha hecho en tres ocasiones (dos bajas y una suba) desde el 2000.<\/p>\n\n\n\n<p><strong>Gr\u00e1fico 6<\/strong><\/p>\n\n\n\n<figure class=\"wp-block-image size-large is-resized\"><img loading=\"lazy\" decoding=\"async\" src=\"https:\/\/www.agroeducacion.com\/website\/wp-content\/uploads\/2021\/07\/Captura-de-Pantalla-2021-07-14-a-las-08.55.45-1024x630.png\" alt=\"\" class=\"wp-image-11941\" width=\"512\" height=\"315\" srcset=\"https:\/\/www.agroeducacion.com\/website\/wp-content\/uploads\/2021\/07\/Captura-de-Pantalla-2021-07-14-a-las-08.55.45-1024x630.png 1024w, https:\/\/www.agroeducacion.com\/website\/wp-content\/uploads\/2021\/07\/Captura-de-Pantalla-2021-07-14-a-las-08.55.45-300x184.png 300w, https:\/\/www.agroeducacion.com\/website\/wp-content\/uploads\/2021\/07\/Captura-de-Pantalla-2021-07-14-a-las-08.55.45-768x472.png 768w, https:\/\/www.agroeducacion.com\/website\/wp-content\/uploads\/2021\/07\/Captura-de-Pantalla-2021-07-14-a-las-08.55.45.png 1236w\" sizes=\"auto, (max-width: 512px) 100vw, 512px\" \/><\/figure>\n\n\n\n<p>Con relaci\u00f3n al etanol, USDA ha proyectado un nivel casi 4 mill tt mayor a la campa\u00f1a actual, llev\u00e1ndolo a 132 mill tt (barras del gr\u00e1fico 7). Lo que debe se\u00f1alarse es que, m\u00e1s all\u00e1 de la importancia que reviste para el ma\u00edz en EEUU, su demanda en relaci\u00f3n al total se encuentra algunos puntos por debajo del pico del 45% del ciclo 17\/18 (l\u00ednea blanca y eje derecho).<\/p>\n\n\n\n<p><strong>Gr\u00e1fico 7<\/strong><\/p>\n\n\n\n<figure class=\"wp-block-image size-large\"><img loading=\"lazy\" decoding=\"async\" width=\"1024\" height=\"696\" src=\"https:\/\/www.agroeducacion.com\/website\/wp-content\/uploads\/2021\/07\/Captura-de-Pantalla-2021-07-14-a-las-08.57.01-1024x696.png\" alt=\"\" class=\"wp-image-11942\" srcset=\"https:\/\/www.agroeducacion.com\/website\/wp-content\/uploads\/2021\/07\/Captura-de-Pantalla-2021-07-14-a-las-08.57.01-1024x696.png 1024w, https:\/\/www.agroeducacion.com\/website\/wp-content\/uploads\/2021\/07\/Captura-de-Pantalla-2021-07-14-a-las-08.57.01-300x204.png 300w, https:\/\/www.agroeducacion.com\/website\/wp-content\/uploads\/2021\/07\/Captura-de-Pantalla-2021-07-14-a-las-08.57.01-768x522.png 768w, https:\/\/www.agroeducacion.com\/website\/wp-content\/uploads\/2021\/07\/Captura-de-Pantalla-2021-07-14-a-las-08.57.01-220x150.png 220w, https:\/\/www.agroeducacion.com\/website\/wp-content\/uploads\/2021\/07\/Captura-de-Pantalla-2021-07-14-a-las-08.57.01.png 1272w\" sizes=\"auto, (max-width: 1024px) 100vw, 1024px\" \/><\/figure>\n\n\n\n<p>Independientemente de este salto transitorio en las previsiones de oferta de EEUU, no debemos descartar que en adelante la productividad ajuste considerando que la condici\u00f3n de cultivos dista de ser la ideal.<\/p>\n\n\n\n<p>En este contexto, en el que con el correr de los meses podr\u00edamos ver cuentas tan ajustadas como las que se vislumbran en 20\/21, esperamos que este cultivo logre soporte en el mediano plazo.<\/p>\n\n\n\n<p><strong>Por Iv\u00e1n Barbero | Analista de granos<\/strong><\/p>\n\n\n\n<figure class=\"wp-block-image size-large\"><a href=\"https:\/\/www.agroeducacion.com\/website\/red-agroeducacion\/\"><img loading=\"lazy\" decoding=\"async\" width=\"1024\" height=\"200\" src=\"https:\/\/www.agroeducacion.com\/website\/wp-content\/uploads\/2021\/06\/banner-socios-comunidadArtboard-7-copia-100-1024x200.jpg\" alt=\"\" class=\"wp-image-11462\" srcset=\"https:\/\/www.agroeducacion.com\/website\/wp-content\/uploads\/2021\/06\/banner-socios-comunidadArtboard-7-copia-100-1024x200.jpg 1024w, https:\/\/www.agroeducacion.com\/website\/wp-content\/uploads\/2021\/06\/banner-socios-comunidadArtboard-7-copia-100-300x59.jpg 300w, https:\/\/www.agroeducacion.com\/website\/wp-content\/uploads\/2021\/06\/banner-socios-comunidadArtboard-7-copia-100-768x150.jpg 768w, https:\/\/www.agroeducacion.com\/website\/wp-content\/uploads\/2021\/06\/banner-socios-comunidadArtboard-7-copia-100.jpg 1441w\" sizes=\"auto, (max-width: 1024px) 100vw, 1024px\" \/><\/a><\/figure>\n","protected":false},"excerpt":{"rendered":"<p>Por Iv\u00e1n Barbero | Analista de granos Soja Stocks 21\/22 EEUU mayor a lo previsto, aunque las cuentas se siguen mostrando tirantes. Todav\u00eda existe margen para fuertes cambios en stock\/consumo, cuando estamos por ingresar al epicentro clim\u00e1tico. El reporte de USDA ha informado un escenario algo m\u00e1s holgado a lo esperado en EEUU para el &hellip;<\/p>\n","protected":false},"author":5,"featured_media":11943,"comment_status":"open","ping_status":"open","sticky":false,"template":"","format":"standard","meta":{"footnotes":""},"categories":[81,51],"tags":[],"class_list":["post-11932","post","type-post","status-publish","format-standard","has-post-thumbnail","hentry","category-destacados","category-granos"],"amp_enabled":true,"_links":{"self":[{"href":"https:\/\/www.agroeducacion.com\/website\/wp-json\/wp\/v2\/posts\/11932","targetHints":{"allow":["GET"]}}],"collection":[{"href":"https:\/\/www.agroeducacion.com\/website\/wp-json\/wp\/v2\/posts"}],"about":[{"href":"https:\/\/www.agroeducacion.com\/website\/wp-json\/wp\/v2\/types\/post"}],"author":[{"embeddable":true,"href":"https:\/\/www.agroeducacion.com\/website\/wp-json\/wp\/v2\/users\/5"}],"replies":[{"embeddable":true,"href":"https:\/\/www.agroeducacion.com\/website\/wp-json\/wp\/v2\/comments?post=11932"}],"version-history":[{"count":1,"href":"https:\/\/www.agroeducacion.com\/website\/wp-json\/wp\/v2\/posts\/11932\/revisions"}],"predecessor-version":[{"id":11944,"href":"https:\/\/www.agroeducacion.com\/website\/wp-json\/wp\/v2\/posts\/11932\/revisions\/11944"}],"wp:featuredmedia":[{"embeddable":true,"href":"https:\/\/www.agroeducacion.com\/website\/wp-json\/wp\/v2\/media\/11943"}],"wp:attachment":[{"href":"https:\/\/www.agroeducacion.com\/website\/wp-json\/wp\/v2\/media?parent=11932"}],"wp:term":[{"taxonomy":"category","embeddable":true,"href":"https:\/\/www.agroeducacion.com\/website\/wp-json\/wp\/v2\/categories?post=11932"},{"taxonomy":"post_tag","embeddable":true,"href":"https:\/\/www.agroeducacion.com\/website\/wp-json\/wp\/v2\/tags?post=11932"}],"curies":[{"name":"wp","href":"https:\/\/api.w.org\/{rel}","templated":true}]}}