{"id":11143,"date":"2021-05-03T12:36:42","date_gmt":"2021-05-03T12:36:42","guid":{"rendered":"https:\/\/www.agroeducacion.com\/website\/?p=11143"},"modified":"2021-05-03T12:36:44","modified_gmt":"2021-05-03T12:36:44","slug":"el-campo-el-chivo-expiatorio","status":"publish","type":"post","link":"https:\/\/www.agroeducacion.com\/website\/el-campo-el-chivo-expiatorio\/","title":{"rendered":"El campo, el chivo expiatorio."},"content":{"rendered":"\n<p>Por Manuel Alvarado Ledesma &#8211; Economista.<\/p>\n\n\n\n<p>Para que el sector privado logre una clara ventaja competitiva necesita muchos a\u00f1os de esfuerzo, a fin de elevar la calidad de las habilidades humanas, de mejorar los productos y los procesos y alcanzar una mayor penetraci\u00f3n de mercados.&nbsp;<\/p>\n\n\n\n<p>En la actividad agr\u00edcola, por ejemplo, los tiempos requeridos para llegar a los resultados finales son prolongados y, por ello, \u00e9sta exige, como condici\u00f3n sine que non, un horizonte claro. El sesgo ideol\u00f3gico del Gobierno y de buena parte del Congreso conlleva amenazas como aumentos de impuestos (derechos de exportaci\u00f3n) que oscurecen la vista de la producci\u00f3n. En lugar de estimular, se elige el miedo, con el presunto prop\u00f3sito de bajar los precios.<\/p>\n\n\n\n<p>La visi\u00f3n de los pol\u00edticos, especialmente la de los \u00faltimos a\u00f1os, est\u00e1 determinada por el electoralismo. Y as\u00ed la mayor parte de los gobernantes se focalizan en el corto plazo. Los estadistas apenas se cuentan con los dedos de una mano.<\/p>\n\n\n\n<p>La visi\u00f3n de corto plazo se advierte con claridad en la estrategia de aplicaci\u00f3n de anclas cambiaria, salarial y tarifaria, que hace estragos en la capacidad adquisitiva de los argentinos, y en definitiva apenas logra morigerar la tasa de inflaci\u00f3n con el costo de asegurar una suba de precios mayor en el mediano plazo.<\/p>\n\n\n\n<p>La inflaci\u00f3n del primer trimestre llega al 13% y la suba de precios interanual es de 42,6%. Una estimaci\u00f3n del primer cuatrimestre nos lleva a un ratio del 17%. Se evidencia la inercia de la expansi\u00f3n monetaria del a\u00f1o pasado y las expectativas negativas al respecto.&nbsp;<\/p>\n\n\n\n<p>As\u00ed, el cuadro, la tasa de inflaci\u00f3n para este a\u00f1o dif\u00edcilmente sea menor al 50%. Para colmo, a juzgar por la experiencia de estos meses, la pandemia agravar\u00e1 el cuadro.<\/p>\n\n\n\n<p>El fracaso de la pol\u00edtica econ\u00f3mica es evidente. Y los pol\u00edticos de turno buscan responsables. Las pol\u00edticas aplicadas, influidas por la ya superada escuela estructuralista latinoamericana, han fallado en el mundo, entre otras cosas por negar la ra\u00edz monetaria de la inflaci\u00f3n y por abocarse al mercado interno.&nbsp;<\/p>\n\n\n\n<p>Para esta escuela, las limitaciones de oferta a causa de rigideces productivas originan la inflaci\u00f3n. Y su propagaci\u00f3n y reproducci\u00f3n se debe a la pugna distributiva entre los diferentes sectores de la econom\u00eda que tratan de no perder posici\u00f3n y logran ubicarse mejor o peor seg\u00fan su poder, por lo que as\u00ed se acent\u00faa la demanda.<\/p>\n\n\n\n<p>Y, en lugar de centrar la atenci\u00f3n en la capacidad exportadora, lo hacen en el mercado interno. De all\u00ed surgen slogans vac\u00edos de racionalidad como \u201cdesacople de precios\u201d y \u201ccuidar la mesa de los argentinos\u201d. A esta altura de la historia reciente, quienes afirman ello o se han auto-convencido por fidelidad a sus ideolog\u00edas, o directamente mienten, por puro oportunismo.<\/p>\n\n\n\n<p>\u00bfUn ejemplo? La Resoluci\u00f3n del Ministerio de Agricultura establece requisitos a cumplir por los operadores inscriptos en el Registro \u00danico de Operadores de la Cadena Agroindustrial (RUCA)&nbsp; que pretendan exportar granos, carne o leche. Se trata de artilugios cuyos efectos provocan siempre una menor inversi\u00f3n y, consecuentemente, una baja en la producci\u00f3n.&nbsp;<\/p>\n\n\n\n<p>Hay que remarcarlo: la inflaci\u00f3n es un fen\u00f3meno expresado en el aumento sostenido del nivel general de precios. Repito: un aumento general. No es problema de un precio o de un par de ellos, sino de la mayor\u00eda de los precios Pera entender el problema es necesario distinguir entre el alza de precios de una sola vez y el aumento sostenido a lo largo del tiempo del nivel general de precios.&nbsp;&nbsp;<\/p>\n\n\n\n<p>La inflaci\u00f3n, a la larga, no es una cuesti\u00f3n de costos ni de demanda ni de oferta, como difunden y machacan las autoridades. La ra\u00edz de la inflaci\u00f3n reside en la cantidad de dinero.&nbsp;<\/p>\n\n\n\n<p>Sin embargo, un salto inflacionario puede no estar ligado a la expansi\u00f3n de dinero y, por el contrario, puede resultar del aumento del precio de un servicio o producto, como es el caso de los granos. Pero se trata de un salto. Es decir que en el muy corto plazo, el incremento de la tasa de inflaci\u00f3n, podr\u00eda resultar del&nbsp; aumento de precio un o dos productos. Aunque, por no ser un fen\u00f3meno sostenido&nbsp; en el tiempo, no deber\u00eda confundirse con lo que es realmente inflaci\u00f3n.<\/p>\n\n\n\n<p>En negro sobre blanco: una cosa es un salto en un momento dado y otra es el incremento sostenido de todos los precios, durante un plazo largo.&nbsp;<\/p>\n\n\n\n<p>Este \u00faltimo caso s\u00f3lo puede tener estar originado en un aumento en la cantidad de dinero.&nbsp; Este aumento general de precios resulta, a su vez, determinado por el nivel de confianza y de expectativas que incide en la demanda de dinero y, por tanto, en la velocidad con que \u00e9ste circula en la econom\u00eda. Si el dinero circula m\u00e1s velozmente, el efecto es parecido al de un aumento en la cantidad de dinero.&nbsp;<\/p>\n\n\n\n<p>As\u00ed son las cosas. Si despejamos el debate sobre la inflaci\u00f3n, vamos a encontrar la verdadera raz\u00f3n de la estrategia antinflacionaria: la necesidad de recursos para cubrir el desmedido gasto p\u00fablico, a consecuencia de la ineficiente y electoralista forma de utilizarlo.<\/p>\n","protected":false},"excerpt":{"rendered":"<p>Por Manuel Alvarado Ledesma &#8211; Economista. Para que el sector privado logre una clara ventaja competitiva necesita muchos a\u00f1os de esfuerzo, a fin de elevar la calidad de las habilidades humanas, de mejorar los productos y los procesos y alcanzar una mayor penetraci\u00f3n de mercados.&nbsp; En la actividad agr\u00edcola, por ejemplo, los tiempos requeridos para &hellip;<\/p>\n","protected":false},"author":5,"featured_media":11145,"comment_status":"open","ping_status":"open","sticky":false,"template":"","format":"standard","meta":{"footnotes":""},"categories":[81,51],"tags":[],"class_list":["post-11143","post","type-post","status-publish","format-standard","has-post-thumbnail","hentry","category-destacados","category-granos"],"amp_enabled":true,"_links":{"self":[{"href":"https:\/\/www.agroeducacion.com\/website\/wp-json\/wp\/v2\/posts\/11143","targetHints":{"allow":["GET"]}}],"collection":[{"href":"https:\/\/www.agroeducacion.com\/website\/wp-json\/wp\/v2\/posts"}],"about":[{"href":"https:\/\/www.agroeducacion.com\/website\/wp-json\/wp\/v2\/types\/post"}],"author":[{"embeddable":true,"href":"https:\/\/www.agroeducacion.com\/website\/wp-json\/wp\/v2\/users\/5"}],"replies":[{"embeddable":true,"href":"https:\/\/www.agroeducacion.com\/website\/wp-json\/wp\/v2\/comments?post=11143"}],"version-history":[{"count":1,"href":"https:\/\/www.agroeducacion.com\/website\/wp-json\/wp\/v2\/posts\/11143\/revisions"}],"predecessor-version":[{"id":11146,"href":"https:\/\/www.agroeducacion.com\/website\/wp-json\/wp\/v2\/posts\/11143\/revisions\/11146"}],"wp:featuredmedia":[{"embeddable":true,"href":"https:\/\/www.agroeducacion.com\/website\/wp-json\/wp\/v2\/media\/11145"}],"wp:attachment":[{"href":"https:\/\/www.agroeducacion.com\/website\/wp-json\/wp\/v2\/media?parent=11143"}],"wp:term":[{"taxonomy":"category","embeddable":true,"href":"https:\/\/www.agroeducacion.com\/website\/wp-json\/wp\/v2\/categories?post=11143"},{"taxonomy":"post_tag","embeddable":true,"href":"https:\/\/www.agroeducacion.com\/website\/wp-json\/wp\/v2\/tags?post=11143"}],"curies":[{"name":"wp","href":"https:\/\/api.w.org\/{rel}","templated":true}]}}